{"id":1335,"date":"2021-02-18T22:54:07","date_gmt":"2021-02-18T21:54:07","guid":{"rendered":"http:\/\/www.modepen.org\/?p=1335"},"modified":"2021-03-19T11:30:00","modified_gmt":"2021-03-19T10:30:00","slug":"mobilizacion-estatal-contra-a-fenda-de-xenero-nas-pensions-o-1-de-marzo","status":"publish","type":"post","link":"https:\/\/www.modepen.org\/index.php\/2021\/02\/18\/mobilizacion-estatal-contra-a-fenda-de-xenero-nas-pensions-o-1-de-marzo\/","title":{"rendered":"Mobilizaci\u00f3n Estatal contra a Fenda de X\u00e9nero nas pensi\u00f3ns, o 1 de marzo."},"content":{"rendered":"<p>O d\u00eda 1 de marzo, ter\u00e1n lugar mobilizaci\u00f3ns de pensionistas en multitude de localidades do Estado Espa\u00f1ol, inclu\u00eddas en moitas cidades e vilas de Galicia. As mobilizaci\u00f3ns est\u00e1n convocadas polo Movemento Estatal de Pensionistas (MEP), onde confl\u00faen m\u00e1is do 90% das plataformas de pensionistas do Reino de Espa\u00f1a. A medida que se vaian concretando as mobilizaci\u00f3ns en Galicia, iremos dando conta delas nesta p\u00e1xina web, e nas redes sociais.<\/p>\n<p><strong>MOBILIZACI\u00d3NS EN GALICIA O 1 DE MARZO<\/strong><\/p>\n<p>A CORU\u00d1A: NO OBELISCO \u00c1S 12 HS.<br \/>\nBOIRO: NA R\u00daA PEONIL (PZ. DE ABASTOS) \u00c1S 12 HS.<br \/>\nCANGAS: DIANTE DO CONCELLO \u00c1S 19:30 HS.<br \/>\nFERROL: NA PRAZA DE SPA\u00d1A \u00c1S 12 HS.<br \/>\nLUGO: NA PRAZA MAIOR (DIANTE DO CONCELLO) \u00c1S 12 HS.<br \/>\nRIBADEO: NO CANT\u00d3N DOS MORENOS \u00c1S 12 HS.<br \/>\nVAL MI\u00d1OR: NA RAMALLOSA \u00c1S 12 HS.<br \/>\nVIGO: DIANTE DO MARCO \u00c1S 20 HS.<\/p>\n","protected":false},"excerpt":{"rendered":"<p>O d\u00eda 1 de marzo, ter\u00e1n lugar mobilizaci\u00f3ns de pensionistas en multitude de localidades do Estado Espa\u00f1ol, inclu\u00eddas en moitas[&#8230;]<\/p>\n","protected":false},"author":3,"featured_media":1369,"comment_status":"closed","ping_status":"open","sticky":false,"template":"","format":"standard","meta":{"footnotes":""},"categories":[28],"tags":[],"class_list":["post-1335","post","type-post","status-publish","format-standard","has-post-thumbnail","hentry","category-movilizacions"],"_links":{"self":[{"href":"https:\/\/www.modepen.org\/index.php\/wp-json\/wp\/v2\/posts\/1335","targetHints":{"allow":["GET"]}}],"collection":[{"href":"https:\/\/www.modepen.org\/index.php\/wp-json\/wp\/v2\/posts"}],"about":[{"href":"https:\/\/www.modepen.org\/index.php\/wp-json\/wp\/v2\/types\/post"}],"author":[{"embeddable":true,"href":"https:\/\/www.modepen.org\/index.php\/wp-json\/wp\/v2\/users\/3"}],"replies":[{"embeddable":true,"href":"https:\/\/www.modepen.org\/index.php\/wp-json\/wp\/v2\/comments?post=1335"}],"version-history":[{"count":3,"href":"https:\/\/www.modepen.org\/index.php\/wp-json\/wp\/v2\/posts\/1335\/revisions"}],"predecessor-version":[{"id":1371,"href":"https:\/\/www.modepen.org\/index.php\/wp-json\/wp\/v2\/posts\/1335\/revisions\/1371"}],"wp:featuredmedia":[{"embeddable":true,"href":"https:\/\/www.modepen.org\/index.php\/wp-json\/wp\/v2\/media\/1369"}],"wp:attachment":[{"href":"https:\/\/www.modepen.org\/index.php\/wp-json\/wp\/v2\/media?parent=1335"}],"wp:term":[{"taxonomy":"category","embeddable":true,"href":"https:\/\/www.modepen.org\/index.php\/wp-json\/wp\/v2\/categories?post=1335"},{"taxonomy":"post_tag","embeddable":true,"href":"https:\/\/www.modepen.org\/index.php\/wp-json\/wp\/v2\/tags?post=1335"}],"curies":[{"name":"wp","href":"https:\/\/api.w.org\/{rel}","templated":true}]}}