{"id":1527,"date":"2021-04-29T02:12:17","date_gmt":"2021-04-29T00:12:17","guid":{"rendered":"https:\/\/www.modepen.org\/?p=1527"},"modified":"2021-06-24T00:26:49","modified_gmt":"2021-06-23T22:26:49","slug":"chamamento-conxunto-das-organizacions-de-pensionistas-do-estado-espanol-movilizacion-o-29-de-maio","status":"publish","type":"post","link":"https:\/\/www.modepen.org\/index.php\/2021\/04\/29\/chamamento-conxunto-das-organizacions-de-pensionistas-do-estado-espanol-movilizacion-o-29-de-maio\/","title":{"rendered":"CHAMAMENTO CONXUNTO DAS ORGANIZACI\u00d3NS DE PENSIONISTAS DO ESTADO ESPA\u00d1OL &#8211; MOVILIZACION O 29 DE MAIO"},"content":{"rendered":"<p>No d\u00eda de hoxe, 29 de abril, en todos os territorios do estado, dif\u00fandese o chamamento conxunto das organizaci\u00f3ns estatais de pensionistas que se anexa, convocando unha mobilizaci\u00f3n unitaria para o d\u00eda 29 de maio. A reivindicaci\u00f3n de pensi\u00f3ns p\u00fablicas dignas, xustas e suficientes e a oposici\u00f3n aos recortes e privatizaci\u00f3ns que proxecta o ministro de seguridade social, Sr. Escriv\u00e1, son os elementos centrais da convocatoria.<\/p>\n<p>A convocatoria foi lanzada inicialmente polo \u201cMovemento de Pensionistas de Euskal-Herria\u201d, probabelmente o movemento social de pensionistas con m\u00e1is apoio cidad\u00e1n do conxunto do estado, que tivo un papel destacado nas grandes mobilizaci\u00f3ns de pensionistas dos anos 2018-2019. O MODEPEN, e outras organizaci\u00f3ns de pensionistas do estado, despois de varias xuntanzas e contactos, decidimos facer nosa a convocatoria proposta de mobilizaci\u00f3n unitaria estatal para o d\u00eda 29 de maio.<\/p>\n<p>Enlace a o documento <a href=\"https:\/\/www.modepen.org\/wp-content\/uploads\/2021\/04\/210429_Comunicado_1_galego.pdf\" target=\"_blank\" rel=\"noopener noreferrer\">Chamamento Estatal mobilizaci\u00f3n 29 de maio<\/a><\/p>\n","protected":false},"excerpt":{"rendered":"<p>No d\u00eda de hoxe, 29 de abril, en todos os territorios do estado, dif\u00fandese o chamamento conxunto das organizaci\u00f3ns estatais[&#8230;]<\/p>\n","protected":false},"author":3,"featured_media":1276,"comment_status":"closed","ping_status":"open","sticky":false,"template":"","format":"standard","meta":{"footnotes":""},"categories":[35,34],"tags":[],"class_list":["post-1527","post","type-post","status-publish","format-standard","has-post-thumbnail","hentry","category-outras-novas","category-outras-novas-en-poleiro-alleo"],"_links":{"self":[{"href":"https:\/\/www.modepen.org\/index.php\/wp-json\/wp\/v2\/posts\/1527","targetHints":{"allow":["GET"]}}],"collection":[{"href":"https:\/\/www.modepen.org\/index.php\/wp-json\/wp\/v2\/posts"}],"about":[{"href":"https:\/\/www.modepen.org\/index.php\/wp-json\/wp\/v2\/types\/post"}],"author":[{"embeddable":true,"href":"https:\/\/www.modepen.org\/index.php\/wp-json\/wp\/v2\/users\/3"}],"replies":[{"embeddable":true,"href":"https:\/\/www.modepen.org\/index.php\/wp-json\/wp\/v2\/comments?post=1527"}],"version-history":[{"count":3,"href":"https:\/\/www.modepen.org\/index.php\/wp-json\/wp\/v2\/posts\/1527\/revisions"}],"predecessor-version":[{"id":1531,"href":"https:\/\/www.modepen.org\/index.php\/wp-json\/wp\/v2\/posts\/1527\/revisions\/1531"}],"wp:featuredmedia":[{"embeddable":true,"href":"https:\/\/www.modepen.org\/index.php\/wp-json\/wp\/v2\/media\/1276"}],"wp:attachment":[{"href":"https:\/\/www.modepen.org\/index.php\/wp-json\/wp\/v2\/media?parent=1527"}],"wp:term":[{"taxonomy":"category","embeddable":true,"href":"https:\/\/www.modepen.org\/index.php\/wp-json\/wp\/v2\/categories?post=1527"},{"taxonomy":"post_tag","embeddable":true,"href":"https:\/\/www.modepen.org\/index.php\/wp-json\/wp\/v2\/tags?post=1527"}],"curies":[{"name":"wp","href":"https:\/\/api.w.org\/{rel}","templated":true}]}}