{"id":1861,"date":"2021-10-30T18:02:23","date_gmt":"2021-10-30T16:02:23","guid":{"rendered":"https:\/\/www.modepen.org\/?p=1861"},"modified":"2021-12-21T17:38:57","modified_gmt":"2021-12-21T16:38:57","slug":"manifestacion-en-santiago-de-compostela-o-13-de-novembro","status":"publish","type":"post","link":"https:\/\/www.modepen.org\/index.php\/2021\/10\/30\/manifestacion-en-santiago-de-compostela-o-13-de-novembro\/","title":{"rendered":"Manifestaci\u00f3n en Santiago de Compostela o 13 de Novembro."},"content":{"rendered":"<p><a href=\"https:\/\/www.modepen.org\/wp-content\/uploads\/2021\/10\/210925_3_G_MANIFESTO-Pensionista.pdf\" target=\"_blank\" rel=\"noopener\">Manifiesto En defensa das Pensi\u00f3ns P\u00fablicas, contra os recortes e a privatizaci\u00f3n.<\/a><\/p>\n<h5>Artigo en 65ymas.com sobre a convocatoria de movilizaci\u00f3ns en todo o Estado o d\u00eda 13 de Novembro:<\/h5>\n<p><a href=\"https:\/\/www.65ymas.com\/economia\/pensiones\/pensionistas-volveran-calle-13-noviembre-contra-reforma-pensiones_33224_102.html?fbclid=IwAR3RztU3wFnfeewBWfuigua1-xO5f1v7CZr9HV3hZDqzdDgiJr0DXGyVLDo\" target=\"_blank\" rel=\"noopener\">Los pensionistas volver\u00e1n a la calle el 13 de noviembre contra una reforma &#8220;al dictado de la banca&#8221;. Reclaman la dimisi\u00f3n de Escriv\u00e1, jubilaci\u00f3n a los 65 a\u00f1os y marcha atr\u00e1s con los planes privados.<\/a><\/p>\n<p><a href=\"https:\/\/youtu.be\/8NzSeomWE-4\" target=\"_blank\" rel=\"noopener\">V\u00eddeo realizado coas fotos da manifestaci\u00f3n en Santiago de Compostela o 13 de Novembro.<\/a><\/p>\n<p><a href=\"https:\/\/drive.google.com\/file\/d\/1GNJdmyR_45aEqlQNabHtWTIKWofuG6mU\/view?usp=sharing\" target=\"_blank\" rel=\"noopener\">Audio da rolda de prensa de Unidad de Acci\u00f3n, realizada o 9 de Outubro.<\/a><\/p>\n<p><strong>Autobuses previstos:<\/strong><\/p>\n<p><a href=\"https:\/\/www.modepen.org\/wp-content\/uploads\/2021\/11\/Cartel-Autobus-A-Marina-Ribadeo.jpg\" target=\"_blank\" rel=\"noopener\"><img loading=\"lazy\" decoding=\"async\" class=\"alignleft wp-image-1907 size-full\" title=\"Autobus de A Mari\u00f1a - Ribadeo\" src=\"https:\/\/www.modepen.org\/wp-content\/uploads\/2021\/11\/Cartel-Autobus-A-Marina-Ribadeo-P1.jpg\" alt=\"\" width=\"140\" height=\"200\" srcset=\"https:\/\/www.modepen.org\/wp-content\/uploads\/2021\/11\/Cartel-Autobus-A-Marina-Ribadeo-P1.jpg 140w, https:\/\/www.modepen.org\/wp-content\/uploads\/2021\/11\/Cartel-Autobus-A-Marina-Ribadeo-P1-105x150.jpg 105w\" sizes=\"auto, (max-width: 140px) 100vw, 140px\" \/><\/a><a href=\"https:\/\/www.modepen.org\/wp-content\/uploads\/2021\/11\/Cartel-Autobuses-Baixo-Mino-v.-2-G.jpg\" target=\"_blank\" rel=\"noopener\"><img loading=\"lazy\" decoding=\"async\" class=\"alignleft wp-image-1911 size-full\" title=\"Autobus do Baixo Mi\u00f1o - Louri\u00f1a\" src=\"https:\/\/www.modepen.org\/wp-content\/uploads\/2021\/11\/Cartel-Autobuses-Baixo-Mino-v.-2-P1.jpg\" alt=\"\" width=\"141\" height=\"200\" srcset=\"https:\/\/www.modepen.org\/wp-content\/uploads\/2021\/11\/Cartel-Autobuses-Baixo-Mino-v.-2-P1.jpg 141w, https:\/\/www.modepen.org\/wp-content\/uploads\/2021\/11\/Cartel-Autobuses-Baixo-Mino-v.-2-P1-106x150.jpg 106w\" sizes=\"auto, (max-width: 141px) 100vw, 141px\" \/><\/a><a href=\"https:\/\/www.modepen.org\/wp-content\/uploads\/2021\/11\/Cartel-Autobuses-Coruna.jpg\" target=\"_blank\" rel=\"noopener\"><img loading=\"lazy\" decoding=\"async\" class=\"alignleft wp-image-1913 size-full\" title=\"Autobus da Coru\u00f1a\" src=\"https:\/\/www.modepen.org\/wp-content\/uploads\/2021\/11\/Cartel-Autobuses-Coruna-P1.jpg\" alt=\"\" width=\"138\" height=\"200\" srcset=\"https:\/\/www.modepen.org\/wp-content\/uploads\/2021\/11\/Cartel-Autobuses-Coruna-P1.jpg 138w, https:\/\/www.modepen.org\/wp-content\/uploads\/2021\/11\/Cartel-Autobuses-Coruna-P1-104x150.jpg 104w\" sizes=\"auto, (max-width: 138px) 100vw, 138px\" \/><\/a><a href=\"\/\/www.modepen.org\/wp-content\/uploads\/2021\/11\/211113_Buses-Vigo-Compostela-G.jpg\" target=\"_blank\" rel=\"noopener\"><img loading=\"lazy\" decoding=\"async\" class=\"alignleft wp-image-1917 size-full\" title=\"Autobus de Ferrolterra\" src=\"https:\/\/www.modepen.org\/wp-content\/uploads\/2021\/11\/Cartel-autobuses-Ferrolterra-P1.jpg\" alt=\"\" width=\"141\" height=\"200\" srcset=\"https:\/\/www.modepen.org\/wp-content\/uploads\/2021\/11\/Cartel-autobuses-Ferrolterra-P1.jpg 141w, https:\/\/www.modepen.org\/wp-content\/uploads\/2021\/11\/Cartel-autobuses-Ferrolterra-P1-106x150.jpg 106w\" sizes=\"auto, (max-width: 141px) 100vw, 141px\" \/><\/a><\/p>\n<p>&nbsp;<\/p>\n<p>&nbsp;<\/p>\n<p>&nbsp;<\/p>\n<p>&nbsp;<\/p>\n<p>&nbsp;<\/p>\n<p><a href=\"https:\/\/www.modepen.org\/wp-content\/uploads\/2021\/11\/211113_Buses-Pontevedra-Compostela-G.jpg\" target=\"_blank\" rel=\"noopener\"><img loading=\"lazy\" decoding=\"async\" class=\"wp-image-1922 size-full alignleft\" src=\"https:\/\/www.modepen.org\/wp-content\/uploads\/2021\/11\/211113_Buses-Pontevedra-Compostela-P1.jpg\" alt=\"\" width=\"149\" height=\"200\" srcset=\"https:\/\/www.modepen.org\/wp-content\/uploads\/2021\/11\/211113_Buses-Pontevedra-Compostela-P1.jpg 149w, https:\/\/www.modepen.org\/wp-content\/uploads\/2021\/11\/211113_Buses-Pontevedra-Compostela-P1-112x150.jpg 112w\" sizes=\"auto, (max-width: 149px) 100vw, 149px\" \/><\/a><a href=\"https:\/\/www.modepen.org\/wp-content\/uploads\/2021\/11\/211113_Buses-Vigo-Compostela-G.jpg\" target=\"_blank\" rel=\"noopener\"><img loading=\"lazy\" decoding=\"async\" class=\"wp-image-1925 size-full alignleft\" src=\"https:\/\/www.modepen.org\/wp-content\/uploads\/2021\/11\/211113_Buses-Vigo-Compostela-P1.jpg\" alt=\"\" width=\"149\" height=\"200\" srcset=\"https:\/\/www.modepen.org\/wp-content\/uploads\/2021\/11\/211113_Buses-Vigo-Compostela-P1.jpg 149w, https:\/\/www.modepen.org\/wp-content\/uploads\/2021\/11\/211113_Buses-Vigo-Compostela-P1-112x150.jpg 112w\" sizes=\"auto, (max-width: 149px) 100vw, 149px\" \/><\/a><\/p>\n","protected":false},"excerpt":{"rendered":"<p>Manifiesto En defensa das Pensi\u00f3ns P\u00fablicas, contra os recortes e a privatizaci\u00f3n. Artigo en 65ymas.com sobre a convocatoria de movilizaci\u00f3ns[&#8230;]<\/p>\n","protected":false},"author":3,"featured_media":1878,"comment_status":"closed","ping_status":"open","sticky":false,"template":"","format":"standard","meta":{"footnotes":""},"categories":[28],"tags":[],"class_list":["post-1861","post","type-post","status-publish","format-standard","has-post-thumbnail","hentry","category-movilizacions"],"_links":{"self":[{"href":"https:\/\/www.modepen.org\/index.php\/wp-json\/wp\/v2\/posts\/1861","targetHints":{"allow":["GET"]}}],"collection":[{"href":"https:\/\/www.modepen.org\/index.php\/wp-json\/wp\/v2\/posts"}],"about":[{"href":"https:\/\/www.modepen.org\/index.php\/wp-json\/wp\/v2\/types\/post"}],"author":[{"embeddable":true,"href":"https:\/\/www.modepen.org\/index.php\/wp-json\/wp\/v2\/users\/3"}],"replies":[{"embeddable":true,"href":"https:\/\/www.modepen.org\/index.php\/wp-json\/wp\/v2\/comments?post=1861"}],"version-history":[{"count":20,"href":"https:\/\/www.modepen.org\/index.php\/wp-json\/wp\/v2\/posts\/1861\/revisions"}],"predecessor-version":[{"id":1939,"href":"https:\/\/www.modepen.org\/index.php\/wp-json\/wp\/v2\/posts\/1861\/revisions\/1939"}],"wp:featuredmedia":[{"embeddable":true,"href":"https:\/\/www.modepen.org\/index.php\/wp-json\/wp\/v2\/media\/1878"}],"wp:attachment":[{"href":"https:\/\/www.modepen.org\/index.php\/wp-json\/wp\/v2\/media?parent=1861"}],"wp:term":[{"taxonomy":"category","embeddable":true,"href":"https:\/\/www.modepen.org\/index.php\/wp-json\/wp\/v2\/categories?post=1861"},{"taxonomy":"post_tag","embeddable":true,"href":"https:\/\/www.modepen.org\/index.php\/wp-json\/wp\/v2\/tags?post=1861"}],"curies":[{"name":"wp","href":"https:\/\/api.w.org\/{rel}","templated":true}]}}