{"id":1972,"date":"2022-01-13T23:15:09","date_gmt":"2022-01-13T22:15:09","guid":{"rendered":"https:\/\/www.modepen.org\/?p=1972"},"modified":"2022-01-13T23:15:09","modified_gmt":"2022-01-13T22:15:09","slug":"modepen-xunto-cos-movementos-de-pensionistas-dos-diferentes-pobos-e-comunidades-do-estado-apoiamos-as-mobilizacions-dos-pensionistas-de-euskal-herria-previstas-para-o-15-01-2022","status":"publish","type":"post","link":"https:\/\/www.modepen.org\/index.php\/2022\/01\/13\/modepen-xunto-cos-movementos-de-pensionistas-dos-diferentes-pobos-e-comunidades-do-estado-apoiamos-as-mobilizacions-dos-pensionistas-de-euskal-herria-previstas-para-o-15-01-2022\/","title":{"rendered":"MODEPEN, xunto cos movementos de pensionistas dos diferentes Pobos e Comunidades do Estado, apoiamos as mobilizaci\u00f3ns dos Pensionistas de  EUSKAL  HERRIA previstas para o 15\/01\/2022."},"content":{"rendered":"<p><a href=\"https:\/\/www.modepen.org\/wp-content\/uploads\/2022\/01\/220115_NOTA-DE-SOLIDARIDAD_Euskal_Herria-galego.pdf\" target=\"_blank\" rel=\"noopener\">NOTA DE SOLIDARIEDADE COS PENSIONISTAS DE EUSKAL HERRIA, con ocasi\u00f3n das mobilizaci\u00f3ns que te\u00f1en previstas para o 15\/01\/2022.<\/a><\/p>\n<p><a href=\"https:\/\/www.modepen.org\/wp-content\/uploads\/2022\/01\/220115_NOTA-DE-SOLIDARIDAD_Euskal_Herria.pdf\" target=\"_blank\" rel=\"noopener\">NOTA DE SOLIDARIDAD CON LOS PENSIONISTAS DE EUSKAL HERRIA, con ocasi\u00f3n de las movilizaciones que tienen previstas para el 15\/01\/2022.<\/a><\/p>\n","protected":false},"excerpt":{"rendered":"<p>NOTA DE SOLIDARIEDADE COS PENSIONISTAS DE EUSKAL HERRIA, con ocasi\u00f3n das mobilizaci\u00f3ns que te\u00f1en previstas para o 15\/01\/2022. NOTA DE[&#8230;]<\/p>\n","protected":false},"author":3,"featured_media":1973,"comment_status":"closed","ping_status":"open","sticky":false,"template":"","format":"standard","meta":{"footnotes":""},"categories":[33],"tags":[],"class_list":["post-1972","post","type-post","status-publish","format-standard","has-post-thumbnail","hentry","category-novas-destacadas"],"_links":{"self":[{"href":"https:\/\/www.modepen.org\/index.php\/wp-json\/wp\/v2\/posts\/1972","targetHints":{"allow":["GET"]}}],"collection":[{"href":"https:\/\/www.modepen.org\/index.php\/wp-json\/wp\/v2\/posts"}],"about":[{"href":"https:\/\/www.modepen.org\/index.php\/wp-json\/wp\/v2\/types\/post"}],"author":[{"embeddable":true,"href":"https:\/\/www.modepen.org\/index.php\/wp-json\/wp\/v2\/users\/3"}],"replies":[{"embeddable":true,"href":"https:\/\/www.modepen.org\/index.php\/wp-json\/wp\/v2\/comments?post=1972"}],"version-history":[{"count":2,"href":"https:\/\/www.modepen.org\/index.php\/wp-json\/wp\/v2\/posts\/1972\/revisions"}],"predecessor-version":[{"id":1975,"href":"https:\/\/www.modepen.org\/index.php\/wp-json\/wp\/v2\/posts\/1972\/revisions\/1975"}],"wp:featuredmedia":[{"embeddable":true,"href":"https:\/\/www.modepen.org\/index.php\/wp-json\/wp\/v2\/media\/1973"}],"wp:attachment":[{"href":"https:\/\/www.modepen.org\/index.php\/wp-json\/wp\/v2\/media?parent=1972"}],"wp:term":[{"taxonomy":"category","embeddable":true,"href":"https:\/\/www.modepen.org\/index.php\/wp-json\/wp\/v2\/categories?post=1972"},{"taxonomy":"post_tag","embeddable":true,"href":"https:\/\/www.modepen.org\/index.php\/wp-json\/wp\/v2\/tags?post=1972"}],"curies":[{"name":"wp","href":"https:\/\/api.w.org\/{rel}","templated":true}]}}