{"id":2138,"date":"2022-04-07T01:01:42","date_gmt":"2022-04-06T23:01:42","guid":{"rendered":"https:\/\/www.modepen.org\/?p=2138"},"modified":"2022-04-07T01:50:00","modified_gmt":"2022-04-06T23:50:00","slug":"comparecencia-do-06-04-2022-dos-movementos-de-pensionistas-dos-diferentes-pobos-e-comunidades-do-estado-demandando-o-rexeitamento-do-proxecto-de-lei-de-regulacion-para-o-impulso-dos-plans-de","status":"publish","type":"post","link":"https:\/\/www.modepen.org\/index.php\/2022\/04\/07\/comparecencia-do-06-04-2022-dos-movementos-de-pensionistas-dos-diferentes-pobos-e-comunidades-do-estado-demandando-o-rexeitamento-do-proxecto-de-lei-de-regulacion-para-o-impulso-dos-plans-de\/","title":{"rendered":"Comparecencia do 06-04-2022 dos Movementos de pensionistas dos diferentes Pobos e Comunidades do Estado demandando o rexeitamento do proxecto de \u201cLei de Regulaci\u00f3n para o Impulso dos Plans de Pensi\u00f3ns de Emprego\u201d (LRIPPE)"},"content":{"rendered":"<p align=\"justify\"><span lang=\"gl-ES\">Hoxe 6 de abril <\/span><span lang=\"gl-ES\">os <\/span><span lang=\"gl-ES\">movementos de pensionistas dos diferentes Pobos e Comunidades do Estado <\/span><span lang=\"gl-ES\">f<\/span><span lang=\"gl-ES\">ixem<\/span><span lang=\"gl-ES\">os chegar a nosa proposta aos grupos do Congreso. <\/span><span lang=\"gl-ES\">C<\/span><span lang=\"gl-ES\">ontamos coa presenza na concentraci\u00f3n dos partidos que compartiron a nosa demanda de retirada do Proxecto de Lei e comparten a necesidade de deixalo sen efecto no tr\u00e1mite parlamentario. Estiveron presentes e interviron, despois dos movementos de pensionistas convocantes, ERC, EHBildu, Comprom\u00eds, CUP, M\u00e1s Pa\u00eds, BNG e Unidos Podemos.<\/span><\/p>\n<p align=\"justify\"><a href=\"https:\/\/www.modepen.org\/wp-content\/uploads\/2022\/04\/220406_Nota-prensa-COMPARECENCIA-2.pdf\" target=\"_blank\" rel=\"noopener\">-Comunicado de prensa de Modepen<\/a><\/p>\n<p align=\"justify\"><a href=\"https:\/\/www.modepen.org\/wp-content\/uploads\/2022\/04\/22-04-04_Com_MODEPEN_sobreEmendas-1.pdf\" target=\"_blank\" rel=\"noopener\">-Posicionamiento compartido de plataformas y movimientos de pensionistas de los diferentes Pueblos y Comunidades del Estado<\/a><\/p>\n<p align=\"justify\"><a href=\"https:\/\/www.modepen.org\/wp-content\/uploads\/2022\/04\/Emendas-ERC.pdf\" target=\"_blank\" rel=\"noopener\">-Emendas ERC co apoio do BNG, Comprom\u00eds, M\u00e1is Pa\u00eds, Bildu e CUP<\/a><\/p>\n<p align=\"justify\"><a href=\"https:\/\/www.modepen.org\/wp-content\/uploads\/2022\/04\/Emendas-Unidas-Podemos.pdf\" target=\"_blank\" rel=\"noopener\">-Emendas UP<\/a><\/p>\n<p align=\"justify\"><a href=\"https:\/\/youtu.be\/k7x4UJeAHnM\" target=\"_blank\" rel=\"noopener\">Video Fotos de la concentracion en Madrid el 6 de Abril de 2022<\/a><\/p>\n<p align=\"justify\">Intervenci\u00f3ns dos portavoces:<\/p>\n<p align=\"justify\"><a href=\"https:\/\/youtu.be\/gFe0-_eiZfo\" target=\"_blank\" rel=\"noopener\">Video 01 &#8211; Intervencion de Gonzalo Balo, presidente de Modepen<\/a><\/p>\n<p align=\"justify\"><a href=\"https:\/\/youtu.be\/MLsaDZPhwVE\" target=\"_blank\" rel=\"noopener\">Video 02 &#8211; Intervenci\u00f3n de Isabel Franco, de Unidas Podemos<\/a><\/p>\n<p align=\"justify\"><a href=\"https:\/\/youtu.be\/aRiQ40wJPrU\" target=\"_blank\" rel=\"noopener\">Video 03 &#8211; Intervencion Ramon Franquesa, Portavoz de Coespe Oficial<\/a><\/p>\n<p align=\"justify\"><a href=\"https:\/\/youtu.be\/ZpQ-2MytKyQ\" target=\"_blank\" rel=\"noopener\">Video 04 &#8211; Madrid 20220406<\/a><\/p>\n<p align=\"justify\"><a href=\"https:\/\/youtu.be\/f60MN4nC7V8\" target=\"_blank\" rel=\"noopener\">Video 05 Madrid 20220406<\/a><\/p>\n<p align=\"justify\"><a href=\"https:\/\/youtu.be\/VschD0lf49w\" target=\"_blank\" rel=\"noopener\">Video 06 Madrid 20220406<\/a><\/p>\n","protected":false},"excerpt":{"rendered":"<p>Hoxe 6 de abril os movementos de pensionistas dos diferentes Pobos e Comunidades do Estado fixemos chegar a nosa proposta[&#8230;]<\/p>\n","protected":false},"author":3,"featured_media":2139,"comment_status":"closed","ping_status":"open","sticky":false,"template":"","format":"standard","meta":{"footnotes":""},"categories":[33,30],"tags":[],"class_list":["post-2138","post","type-post","status-publish","format-standard","has-post-thumbnail","hentry","category-novas-destacadas","category-pensions"],"_links":{"self":[{"href":"https:\/\/www.modepen.org\/index.php\/wp-json\/wp\/v2\/posts\/2138","targetHints":{"allow":["GET"]}}],"collection":[{"href":"https:\/\/www.modepen.org\/index.php\/wp-json\/wp\/v2\/posts"}],"about":[{"href":"https:\/\/www.modepen.org\/index.php\/wp-json\/wp\/v2\/types\/post"}],"author":[{"embeddable":true,"href":"https:\/\/www.modepen.org\/index.php\/wp-json\/wp\/v2\/users\/3"}],"replies":[{"embeddable":true,"href":"https:\/\/www.modepen.org\/index.php\/wp-json\/wp\/v2\/comments?post=2138"}],"version-history":[{"count":3,"href":"https:\/\/www.modepen.org\/index.php\/wp-json\/wp\/v2\/posts\/2138\/revisions"}],"predecessor-version":[{"id":2143,"href":"https:\/\/www.modepen.org\/index.php\/wp-json\/wp\/v2\/posts\/2138\/revisions\/2143"}],"wp:featuredmedia":[{"embeddable":true,"href":"https:\/\/www.modepen.org\/index.php\/wp-json\/wp\/v2\/media\/2139"}],"wp:attachment":[{"href":"https:\/\/www.modepen.org\/index.php\/wp-json\/wp\/v2\/media?parent=2138"}],"wp:term":[{"taxonomy":"category","embeddable":true,"href":"https:\/\/www.modepen.org\/index.php\/wp-json\/wp\/v2\/categories?post=2138"},{"taxonomy":"post_tag","embeddable":true,"href":"https:\/\/www.modepen.org\/index.php\/wp-json\/wp\/v2\/tags?post=2138"}],"curies":[{"name":"wp","href":"https:\/\/api.w.org\/{rel}","templated":true}]}}