{"id":2172,"date":"2022-05-24T22:27:21","date_gmt":"2022-05-24T20:27:21","guid":{"rendered":"https:\/\/www.modepen.org\/?p=2172"},"modified":"2022-05-24T22:27:21","modified_gmt":"2022-05-24T20:27:21","slug":"o-movemento-de-pensionista-chama-a-mobilizacion-contra-o-proxecto-de-lei-para-o-fomento-dos-plans-de-pensions-de-emprego-e-esixindo-a-sua-retirada","status":"publish","type":"post","link":"https:\/\/www.modepen.org\/index.php\/2022\/05\/24\/o-movemento-de-pensionista-chama-a-mobilizacion-contra-o-proxecto-de-lei-para-o-fomento-dos-plans-de-pensions-de-emprego-e-esixindo-a-sua-retirada\/","title":{"rendered":"O Movemento de Pensionista chama \u00e1 mobilizaci\u00f3n contra o Proxecto de Lei para o Fomento dos Plans de Pensi\u00f3ns de Emprego e esixindo a s\u00faa retirada."},"content":{"rendered":"<p align=\"justify\"><span style=\"color: #050505;\"><span style=\"font-family: Arial, sans-serif;\"><span style=\"font-size: large;\"><span lang=\"gl-ES\">Achegamos o Documento asinado conxuntamente por diferentes plataformas e movementos de pensionistas dos diferentes Pobos e Comunidades do Estado acordando convocar unha mobilizaci\u00f3n unitaria conxunta, ampla e contundente na semana en que se debata o Proxecto de Lei no Congreso.<\/span><\/span><\/span><\/span><\/p>\n<p align=\"justify\"><span style=\"font-family: Arial, sans-serif;\"><span style=\"font-size: large;\"><span style=\"color: #050505;\"><span lang=\"gl-ES\">&#8211; Porque \u00e9 un PL que se quere sacar adiante menosprezando as mobilizaci\u00f3ns <\/span><\/span><span style=\"color: #050505;\"><span lang=\"gl-ES\">de<\/span><\/span><span style=\"color: #050505;\"><span lang=\"gl-ES\"> pensionistas e a posici\u00f3n contraria ao PL de partidos como ERC, EHBildu, Mais Pa\u00eds, BNG, CUP, Compromis que presentaron no seu d\u00eda unha emenda \u00e1 totalidade do proxecto.<\/span><\/span><\/span><\/span><\/p>\n<p align=\"justify\"><span style=\"color: #050505;\"><span style=\"font-family: Arial, sans-serif;\"><span style=\"font-size: large;\">&#8211; Porque \u00e9 un proxecto que empobrece as pensi\u00f3ns p\u00fablicas e abre a porta \u00e1 s\u00faa privatizaci\u00f3n, supo\u00f1endo un impulso aos plans privados de pensi\u00f3ns de emprego ou empresa que s\u00f3 benefician \u00e1s grandes entidades financeiras privadas, que ver\u00e1n aumentar o seu negocio en miles de mill\u00f3ns de euros.<\/span><\/span><\/span><\/p>\n<p align=\"justify\"><span style=\"font-family: Arial, sans-serif;\"><span style=\"font-size: large;\"><span style=\"color: #050505;\"><span lang=\"gl-ES\">No documento tam\u00e9n <\/span><\/span><span style=\"color: #050505;\"><span lang=\"gl-ES\">se <\/span><\/span><span style=\"color: #050505;\"><span lang=\"gl-ES\">rexeita, sen paliativos, o recente pre-acordo de convenio da construci\u00f3n a nivel estatal, asinado pola representaci\u00f3n de CCOO e UXT (sem consultar nin informar \u00e1 s\u00faa propia afiliaci\u00f3n), no que se acorda promover un plan de emprego de pensi\u00f3ns ao amparo deste PL, que nin sequera tivo a\u00ednda a opci\u00f3n de ser emendado.<\/span><\/span><\/span><\/span><\/p>\n<p align=\"justify\"><a href=\"https:\/\/www.modepen.org\/wp-content\/uploads\/2022\/05\/Nota-de-prensa-en-galego.pdf\" target=\"_blank\" rel=\"noopener\">Ver o documento aqu\u00ed.<\/a><\/p>\n","protected":false},"excerpt":{"rendered":"<p>Achegamos o Documento asinado conxuntamente por diferentes plataformas e movementos de pensionistas dos diferentes Pobos e Comunidades do Estado acordando[&#8230;]<\/p>\n","protected":false},"author":3,"featured_media":2173,"comment_status":"closed","ping_status":"open","sticky":false,"template":"","format":"standard","meta":{"footnotes":""},"categories":[28,33],"tags":[],"class_list":["post-2172","post","type-post","status-publish","format-standard","has-post-thumbnail","hentry","category-movilizacions","category-novas-destacadas"],"_links":{"self":[{"href":"https:\/\/www.modepen.org\/index.php\/wp-json\/wp\/v2\/posts\/2172","targetHints":{"allow":["GET"]}}],"collection":[{"href":"https:\/\/www.modepen.org\/index.php\/wp-json\/wp\/v2\/posts"}],"about":[{"href":"https:\/\/www.modepen.org\/index.php\/wp-json\/wp\/v2\/types\/post"}],"author":[{"embeddable":true,"href":"https:\/\/www.modepen.org\/index.php\/wp-json\/wp\/v2\/users\/3"}],"replies":[{"embeddable":true,"href":"https:\/\/www.modepen.org\/index.php\/wp-json\/wp\/v2\/comments?post=2172"}],"version-history":[{"count":1,"href":"https:\/\/www.modepen.org\/index.php\/wp-json\/wp\/v2\/posts\/2172\/revisions"}],"predecessor-version":[{"id":2174,"href":"https:\/\/www.modepen.org\/index.php\/wp-json\/wp\/v2\/posts\/2172\/revisions\/2174"}],"wp:featuredmedia":[{"embeddable":true,"href":"https:\/\/www.modepen.org\/index.php\/wp-json\/wp\/v2\/media\/2173"}],"wp:attachment":[{"href":"https:\/\/www.modepen.org\/index.php\/wp-json\/wp\/v2\/media?parent=2172"}],"wp:term":[{"taxonomy":"category","embeddable":true,"href":"https:\/\/www.modepen.org\/index.php\/wp-json\/wp\/v2\/categories?post=2172"},{"taxonomy":"post_tag","embeddable":true,"href":"https:\/\/www.modepen.org\/index.php\/wp-json\/wp\/v2\/tags?post=2172"}],"curies":[{"name":"wp","href":"https:\/\/api.w.org\/{rel}","templated":true}]}}