{"id":2218,"date":"2022-07-28T17:21:04","date_gmt":"2022-07-28T15:21:04","guid":{"rendered":"https:\/\/www.modepen.org\/?p=2218"},"modified":"2022-09-20T23:00:12","modified_gmt":"2022-09-20T21:00:12","slug":"mobilizacion-en-madrid-o-dia-15-de-outubro-pola-recuperacion-do-poder-adquisitivo-de-pensions-e-salarios","status":"publish","type":"post","link":"https:\/\/www.modepen.org\/index.php\/2022\/07\/28\/mobilizacion-en-madrid-o-dia-15-de-outubro-pola-recuperacion-do-poder-adquisitivo-de-pensions-e-salarios\/","title":{"rendered":"Mobilizaci\u00f3n en Madrid o d\u00eda 15 de Outubro: Pola recuperaci\u00f3n do poder adquisitivo de pensi\u00f3ns e salarios."},"content":{"rendered":"<h2 style=\"text-align: center;\"><span style=\"color: #ff0000;\">Mobilizaci\u00f3n en Madrid o d\u00eda 15 de Outubro.<\/span><\/h2>\n<h2 style=\"text-align: center;\">Pola recuperaci\u00f3n do poder adquisitivo de pensi\u00f3ns e salarios.<\/h2>\n<h2 style=\"text-align: center;\"><a href=\"https:\/\/www.modepen.org\/wp-content\/uploads\/2022\/07\/220715_Comunicado_Anuncio_15O_Ga.pdf\" target=\"_blank\" rel=\"noopener\">Comunicado dos grupos da Unidade de Acci\u00f3n.<\/a><\/h2>\n<h2 style=\"text-align: center;\">\u00a1\u00a1Goberne quen goberne, as pensi\u00f3ns e os dereitos def\u00e9ndense!!<\/h2>\n<h2 style=\"text-align: center;\"><span style=\"color: #ff0000;\">\u00a1\u00a1O 15 de outubro todos en Madrid !!<\/span><\/h2>\n<h3 style=\"text-align: center;\"><span style=\"color: #008000;\">ASJUBI40 (Asociaci\u00f3n Jubilaci\u00f3n Anticipada sin Penalizar),<\/span><br \/>\n<span style=\"color: #008000;\">COESPE (Coordinadora Estatal por la Defensa del Sistema P\u00fablico de Pensiones),<\/span><br \/>\n<span style=\"color: #008000;\">EHPM (Movimiento de Pensionistas de Euskal Herria),<\/span><br \/>\n<span style=\"color: #008000;\">MADPP (Movimiento Andaluz en Defensa de las Pensi\u00f3ns P\u00fablicas),<\/span><br \/>\n<span style=\"color: #008000;\">MODEPEN (Movemento Galego en Defensa das Pensi\u00f3ns e os Servizos P\u00fablicos),<\/span><br \/>\n<span style=\"color: #008000;\">UNIDAD COESPE,<\/span><br \/>\n<span style=\"color: #008000;\">PLATAFORMAS DE PENSIONISTAS de Badajoz, M\u00f3stoles &#8230;<\/span><\/h3>\n","protected":false},"excerpt":{"rendered":"<p>Mobilizaci\u00f3n en Madrid o d\u00eda 15 de Outubro. Pola recuperaci\u00f3n do poder adquisitivo de pensi\u00f3ns e salarios. Comunicado dos grupos[&#8230;]<\/p>\n","protected":false},"author":3,"featured_media":2367,"comment_status":"closed","ping_status":"open","sticky":false,"template":"","format":"standard","meta":{"footnotes":""},"categories":[28,33],"tags":[],"class_list":["post-2218","post","type-post","status-publish","format-standard","has-post-thumbnail","hentry","category-movilizacions","category-novas-destacadas"],"_links":{"self":[{"href":"https:\/\/www.modepen.org\/index.php\/wp-json\/wp\/v2\/posts\/2218","targetHints":{"allow":["GET"]}}],"collection":[{"href":"https:\/\/www.modepen.org\/index.php\/wp-json\/wp\/v2\/posts"}],"about":[{"href":"https:\/\/www.modepen.org\/index.php\/wp-json\/wp\/v2\/types\/post"}],"author":[{"embeddable":true,"href":"https:\/\/www.modepen.org\/index.php\/wp-json\/wp\/v2\/users\/3"}],"replies":[{"embeddable":true,"href":"https:\/\/www.modepen.org\/index.php\/wp-json\/wp\/v2\/comments?post=2218"}],"version-history":[{"count":1,"href":"https:\/\/www.modepen.org\/index.php\/wp-json\/wp\/v2\/posts\/2218\/revisions"}],"predecessor-version":[{"id":2220,"href":"https:\/\/www.modepen.org\/index.php\/wp-json\/wp\/v2\/posts\/2218\/revisions\/2220"}],"wp:featuredmedia":[{"embeddable":true,"href":"https:\/\/www.modepen.org\/index.php\/wp-json\/wp\/v2\/media\/2367"}],"wp:attachment":[{"href":"https:\/\/www.modepen.org\/index.php\/wp-json\/wp\/v2\/media?parent=2218"}],"wp:term":[{"taxonomy":"category","embeddable":true,"href":"https:\/\/www.modepen.org\/index.php\/wp-json\/wp\/v2\/categories?post=2218"},{"taxonomy":"post_tag","embeddable":true,"href":"https:\/\/www.modepen.org\/index.php\/wp-json\/wp\/v2\/tags?post=2218"}],"curies":[{"name":"wp","href":"https:\/\/api.w.org\/{rel}","templated":true}]}}