{"id":2286,"date":"2022-09-02T22:17:09","date_gmt":"2022-09-02T20:17:09","guid":{"rendered":"https:\/\/www.modepen.org\/?p=2286"},"modified":"2022-09-02T22:17:57","modified_gmt":"2022-09-02T20:17:57","slug":"a-reforma-das-pensions-entra-na-sua-ultima-fase","status":"publish","type":"post","link":"https:\/\/www.modepen.org\/index.php\/2022\/09\/02\/a-reforma-das-pensions-entra-na-sua-ultima-fase\/","title":{"rendered":"A reforma das pensi\u00f3ns entra na s\u00faa \u00faltima fase."},"content":{"rendered":"<p align=\"justify\"><span style=\"font-family: Arial, sans-serif;\"><span style=\"font-size: large;\"><span style=\"color: #000000;\"><span lang=\"gl-ES\">O <\/span><\/span><span style=\"color: #000000;\"><span lang=\"gl-ES\"><b>Diario.es<\/b><\/span><\/span><span style=\"color: #000000;\"><span lang=\"gl-ES\"> (<\/span><\/span><span style=\"color: #000000;\"><span lang=\"gl-ES\">xornal <\/span><\/span><span style=\"color: #000000;\"><span lang=\"gl-ES\">considerado pr\u00f3ximo ao goberno) inf\u00f3rmanos <\/span><\/span><span style=\"color: #000000;\"><span lang=\"gl-ES\">n<\/span><\/span><span style=\"color: #000000;\"><span lang=\"gl-ES\">a ligaz\u00f3n<\/span><\/span><span style=\"color: #000000;\"><span lang=\"gl-ES\"> adxunt<\/span><\/span><span style=\"color: #000000;\"><span lang=\"gl-ES\">a<\/span><\/span><span style=\"color: #000000;\"><span lang=\"gl-ES\"> do inicio da<\/span><\/span><span style=\"color: #000000;\"><span lang=\"gl-ES\"> \u00faltima fase da \u201cReforma das pensi\u00f3n<\/span><\/span><span style=\"color: #000000;\"><span lang=\"gl-ES\">s<\/span><\/span><span style=\"color: #000000;\"><span lang=\"gl-ES\">\u201d, <\/span><\/span><span style=\"color: #000000;\"><span lang=\"gl-ES\">en concreto <\/span><\/span><span style=\"color: #000000;\"><span lang=\"gl-ES\">o c\u00e1lculo da <\/span><\/span><span style=\"color: #000000;\"><span lang=\"gl-ES\">x<\/span><\/span><span style=\"color: #000000;\"><span lang=\"gl-ES\">ubilaci\u00f3n <\/span><\/span><span style=\"color: #000000;\"><span lang=\"gl-ES\">e a<\/span><\/span><span style=\"color: #000000;\"><span lang=\"gl-ES\"> cotizaci\u00f3n dos s<\/span><\/span><span style=\"color: #000000;\"><span lang=\"gl-ES\">o<\/span><\/span><span style=\"color: #000000;\"><span lang=\"gl-ES\">ldos m\u00e1<\/span><\/span><span style=\"color: #000000;\"><span lang=\"gl-ES\">i<\/span><\/span><span style=\"color: #000000;\"><span lang=\"gl-ES\">s altos.<\/span><\/span><\/span><\/span><\/p>\n<p align=\"justify\"><span style=\"font-family: Arial, sans-serif;\"><span style=\"font-size: large;\"><span style=\"color: #000000;\"><span lang=\"gl-ES\">Unha Reforma na que <\/span><\/span><span style=\"color: #000000;\"><span lang=\"gl-ES\">se ben<\/span><\/span> <span style=\"color: #000000;\"><span lang=\"gl-ES\">atopamos alg\u00fans elementos positivos, froito da presi\u00f3n exercida polo movemento pensionista <\/span><\/span><span style=\"color: #000000;\"><span lang=\"gl-ES\">que conseg<\/span><\/span><span style=\"color: #000000;\"><span lang=\"gl-ES\">u<\/span><\/span><span style=\"color: #000000;\"><span lang=\"gl-ES\">iu tumbar<\/span><\/span><span style=\"color: #000000;\"><span lang=\"gl-ES\"> parte das medidas do anterior goberno de Rajoy como o \u201cfamoso\u201d 025% ou o compromiso de sacar os gastos impropios da Seguridade Social ou <\/span><\/span><span style=\"color: #000000;\"><span lang=\"gl-ES\">o de realizar<\/span><\/span><span style=\"color: #000000;\"><span lang=\"gl-ES\"> a tan necesaria auditor<\/span><\/span><span style=\"color: #000000;\"><span lang=\"gl-ES\">\u00ed<\/span><\/span><span style=\"color: #000000;\"><span lang=\"gl-ES\">a <\/span><\/span><span style=\"color: #000000;\"><span lang=\"gl-ES\">(que, sen embargo, neste momento segue sen concretar)<\/span><\/span><span style=\"color: #000000;\"><span lang=\"gl-ES\">.<\/span><\/span><\/span><\/span><\/p>\n<p align=\"justify\"><span style=\"font-family: Arial, sans-serif;\"><span style=\"font-size: large;\"><span style=\"color: #000000;\"><span lang=\"gl-ES\">Pero xunto a estes escasos puntos positivos a Reforma cont\u00e9n graves elementos negativos que levaron as <\/span><\/span><span style=\"color: #000000;\"><span lang=\"gl-ES\"><b>plataformas e movementos de pensionistas dos diferentes Pobos e Comunidades do Estado<\/b><\/span><\/span><span style=\"color: #000000;\"><span lang=\"gl-ES\"> a <\/span><\/span><span style=\"color: #000000;\"><span lang=\"gl-ES\"><b>convocar para o 15 de outubro unha gran mobilizaci\u00f3n en Madrid<\/b><\/span><\/span><span style=\"color: #000000;\"><span lang=\"gl-ES\"> esixindo <\/span><\/span>a<span style=\"color: #000000;\"><span lang=\"gl-ES\"> revalorizaci\u00f3n das pensi\u00f3ns en funci\u00f3n do incremento do IPC acumulado anual, por unha Pensi\u00f3n M\u00ednima do 60% do salario medio, <\/span><\/span><span style=\"color: #000000;\"><span lang=\"gl-ES\">a eliminaci\u00f3n da fenda de x\u00e9nero en salarios e pensi\u00f3ns<\/span><\/span><span style=\"color: #000000;\"><span lang=\"gl-ES\"> e polo rexeitamento \u00e1 privatizaci\u00f3n do Sistema P\u00fablico de Pensi\u00f3ns (SPP). <\/span><\/span><\/span><\/span><\/p>\n<p align=\"justify\"><span style=\"font-family: Arial, sans-serif;\"><span style=\"font-size: large;\"><span style=\"color: #000000;\"><span lang=\"gl-ES\">Tam\u00e9n esixiremos a realizaci\u00f3n da <\/span><\/span><span style=\"color: #000000;\"><span lang=\"gl-ES\">prometida<\/span><\/span><span style=\"color: #000000;\"><span lang=\"gl-ES\"> auditor\u00eda das contas da Seguridade Social aprobada na Lei 21\/2021, do 28 de decembro, e a\u00ednda non realizada malia que xa pasaron m\u00e1is de 6 meses desde que esa Lei foi aprobada, e ese era o prazo m\u00e1ximo para a s\u00faa realizaci\u00f3n de acordo co texto da mesma lei. <\/span><\/span><\/span><\/span><\/p>\n<p align=\"justify\"><span style=\"font-family: Arial, sans-serif;\"><span style=\"font-size: large;\"><span style=\"color: #000000;\"><span lang=\"gl-ES\">E <\/span><\/span><span style=\"color: #000000;\"><span lang=\"gl-ES\">desde logo estaremos pendentes deste \u00faltimo tramo de reformas, que vemos con razoa<\/span><\/span><span style=\"color: #000000;\"><span lang=\"gl-ES\">bl<\/span><\/span><span style=\"color: #000000;\"><span lang=\"gl-ES\">e preocupaci\u00f3n.<\/span><\/span><\/span><\/span><\/p>\n<p align=\"justify\"><a href=\"https:\/\/www.eldiario.es\/economia\/ultima-fase-reforma-pensiones-anos-calculo-jubilacion-cotizacion-sueldos-altos_1_9269176.html?mc_cid=c402166067&amp;mc_eid=c69844245c\" target=\"_blank\" rel=\"noopener\">Ligaz\u00f3n a o artigo de Diario.es<\/a><\/p>\n","protected":false},"excerpt":{"rendered":"<p>O Diario.es (xornal considerado pr\u00f3ximo ao goberno) inf\u00f3rmanos na ligaz\u00f3n adxunta do inicio da \u00faltima fase da \u201cReforma das pensi\u00f3ns\u201d,[&#8230;]<\/p>\n","protected":false},"author":3,"featured_media":2287,"comment_status":"closed","ping_status":"open","sticky":false,"template":"","format":"standard","meta":{"footnotes":""},"categories":[35,34],"tags":[],"class_list":["post-2286","post","type-post","status-publish","format-standard","has-post-thumbnail","hentry","category-outras-novas","category-outras-novas-en-poleiro-alleo"],"_links":{"self":[{"href":"https:\/\/www.modepen.org\/index.php\/wp-json\/wp\/v2\/posts\/2286","targetHints":{"allow":["GET"]}}],"collection":[{"href":"https:\/\/www.modepen.org\/index.php\/wp-json\/wp\/v2\/posts"}],"about":[{"href":"https:\/\/www.modepen.org\/index.php\/wp-json\/wp\/v2\/types\/post"}],"author":[{"embeddable":true,"href":"https:\/\/www.modepen.org\/index.php\/wp-json\/wp\/v2\/users\/3"}],"replies":[{"embeddable":true,"href":"https:\/\/www.modepen.org\/index.php\/wp-json\/wp\/v2\/comments?post=2286"}],"version-history":[{"count":1,"href":"https:\/\/www.modepen.org\/index.php\/wp-json\/wp\/v2\/posts\/2286\/revisions"}],"predecessor-version":[{"id":2288,"href":"https:\/\/www.modepen.org\/index.php\/wp-json\/wp\/v2\/posts\/2286\/revisions\/2288"}],"wp:featuredmedia":[{"embeddable":true,"href":"https:\/\/www.modepen.org\/index.php\/wp-json\/wp\/v2\/media\/2287"}],"wp:attachment":[{"href":"https:\/\/www.modepen.org\/index.php\/wp-json\/wp\/v2\/media?parent=2286"}],"wp:term":[{"taxonomy":"category","embeddable":true,"href":"https:\/\/www.modepen.org\/index.php\/wp-json\/wp\/v2\/categories?post=2286"},{"taxonomy":"post_tag","embeddable":true,"href":"https:\/\/www.modepen.org\/index.php\/wp-json\/wp\/v2\/tags?post=2286"}],"curies":[{"name":"wp","href":"https:\/\/api.w.org\/{rel}","templated":true}]}}