{"id":2305,"date":"2022-09-06T17:43:08","date_gmt":"2022-09-06T15:43:08","guid":{"rendered":"https:\/\/www.modepen.org\/?p=2305"},"modified":"2022-09-06T17:43:08","modified_gmt":"2022-09-06T15:43:08","slug":"a-auditoria-da-seguridade-social-e-a-inflacion-entre-os-obxectivos-dos-pensionistas-cara-ao-15-de-outubro","status":"publish","type":"post","link":"https:\/\/www.modepen.org\/index.php\/2022\/09\/06\/a-auditoria-da-seguridade-social-e-a-inflacion-entre-os-obxectivos-dos-pensionistas-cara-ao-15-de-outubro\/","title":{"rendered":"A auditor\u00eda da Seguridade Social e a inflaci\u00f3n entre os obxectivos dos pensionistas cara ao 15 de outubro."},"content":{"rendered":"<p align=\"justify\"><span style=\"font-family: Lucida Sans, sans-serif;\"><span style=\"font-size: large;\"><span lang=\"gl-ES\">Artigo publicado en <\/span><span lang=\"gl-ES\">\u201c65ym\u00e1s\u201d con informaci\u00f3n<\/span><span lang=\"gl-ES\"> sobre <\/span><span lang=\"gl-ES\">a<\/span><span lang=\"gl-ES\"> manifestaci\u00f3n do 15 de outubro: Dest\u00e1case a auditor\u00eda da Seguridade Social e a inflaci\u00f3n.<\/span><\/span><\/span><\/p>\n<p align=\"justify\"><span style=\"font-family: Lucida Sans, sans-serif;\"><span style=\"font-size: large;\"><span lang=\"gl-ES\">1. <\/span><span lang=\"gl-ES\">A <\/span><span lang=\"gl-ES\">auditor<\/span><span lang=\"gl-ES\">\u00ed<\/span><span lang=\"gl-ES\">a<\/span><span lang=\"gl-ES\"> da Seguridade Social \u00e9 unha reclamaci\u00f3n hist\u00f3rica dos pensionistas, <\/span><span lang=\"gl-ES\">recollida por fin <\/span><span lang=\"gl-ES\">na Lei 21\/2021, do 28 de decembro, <\/span><span lang=\"gl-ES\">mais<\/span><span lang=\"gl-ES\"> a\u00ednda <\/span><span lang=\"gl-ES\">pendente<\/span><span lang=\"gl-ES\">. &#8220;<\/span><span lang=\"gl-ES\">E<\/span><span lang=\"gl-ES\">ntre 1989 e 2013 Espa\u00f1a gastou m\u00e1is de 103.690 mill\u00f3ns que pertenc\u00edan \u00e1 hucha das pensi\u00f3ns noutras cuesti\u00f3ns. <\/span><span lang=\"gl-ES\">Foi<\/span><span lang=\"gl-ES\"> unha pr\u00e1ctica aparentemente legal pero incorrecta, que <\/span><span lang=\"gl-ES\">fixo desaparecer<\/span> <span lang=\"gl-ES\">os excedente<\/span><span lang=\"gl-ES\"> de cotizaci\u00f3n <\/span><span lang=\"gl-ES\">ese colch\u00f3n tan necesario para \u00e9pocas de crise\u201d. <\/span><span lang=\"gl-ES\">Queremos saber a verdade sobre o tan cacarexado <\/span><span lang=\"gl-ES\">\u201cd\u00e9ficit do sistema\u201d.<\/span><\/span><\/span><\/p>\n<p align=\"justify\"><span style=\"font-family: Lucida Sans, sans-serif;\"><span style=\"font-size: large;\"><span lang=\"gl-ES\">2. <\/span><span lang=\"gl-ES\">O<\/span><span lang=\"gl-ES\">utro obxectivo <\/span><span lang=\"gl-ES\">resaltado<\/span><span lang=\"gl-ES\"> \u00e9 a inflaci\u00f3n: <\/span><span lang=\"gl-ES\">Como din os compa\u00f1eiros de Andaluc\u00eda (MADPP) <\/span><span lang=\"gl-ES\">&#8220;<\/span><span lang=\"gl-ES\">O<\/span><span lang=\"gl-ES\"> novo mantra <\/span><span lang=\"gl-ES\">\u00e9 que <\/span><span lang=\"gl-ES\">actualizar as pensi\u00f3ns en funci\u00f3n do IPC non \u00e9 posible porque aumentar\u00eda a inflaci\u00f3n e producir\u00eda m\u00e1is d\u00e9ficit e m\u00e1is d\u00e9beda p\u00fablica. Saben que menten, porque as pensi\u00f3ns non afectan \u00e1s contas das empresas aumentan<\/span><span lang=\"gl-ES\">do<\/span> <span lang=\"gl-ES\">os<\/span><span lang=\"gl-ES\"> s<\/span><span lang=\"gl-ES\">eus <\/span><span lang=\"gl-ES\">gastos que \u201cxustificar<\/span><span lang=\"gl-ES\">\u00edan\u201d<\/span><span lang=\"gl-ES\"> unha suba de prezos. Ademais, as pensi\u00f3ns contributivas p\u00e1ganse coas cotizaci\u00f3ns dos traballadores. Non se pagan con impostos e non producen d\u00e9ficit&#8221;.<\/span><\/span><\/span><\/p>\n<p align=\"justify\"><span style=\"font-family: Lucida Sans, sans-serif;\"><span style=\"font-size: large;\"><span lang=\"gl-ES\">Esta manifestaci\u00f3n non vai ser o punto final das mobilizaci\u00f3ns e xa estamos preparando mobilizaci\u00f3n<\/span><span lang=\"gl-ES\">s<\/span><span lang=\"gl-ES\"> para novembro. <\/span><span lang=\"gl-ES\">E seguiremos ata conseguir reverter as contrarreformas que nos est\u00e1n impondo. Como din os convocantes: <\/span>&#8220;Ata acabar coa brecha de x\u00e9nero en salarios e pensi\u00f3ns, recuperar os dereitos perdidos nas sucesivas reformas das pensi\u00f3ns, xerar un reparto equitativo da riqueza e mellorar e garantir servizos p\u00fablicos e comunitarios universais de calidade.&#8221;<\/span><\/span><\/p>\n<p align=\"justify\"><span style=\"font-family: Lucida Sans, sans-serif;\"><span style=\"font-size: large;\">Unhas mobilizaci\u00f3ns para as que estamos quentando motores. En Vigo, Ribadeo, Val Mi\u00f1or, A Coru\u00f1a&#8230; ou, o vindeiro 10 de setembro, Ferrol<\/span><\/span>, etc.<\/p>\n<p align=\"justify\"><a href=\"https:\/\/www.65ymas.com\/economia\/pensiones\/inflacion-auditoria-seguridad-social-incendian-pensionistas-contra-escriva_42888_102.html\" target=\"_blank\" rel=\"noopener\">Ligaz\u00f3n a o artigo de &#8220;65ymas&#8221;<\/a><\/p>\n","protected":false},"excerpt":{"rendered":"<p>Artigo publicado en \u201c65ym\u00e1s\u201d con informaci\u00f3n sobre a manifestaci\u00f3n do 15 de outubro: Dest\u00e1case a auditor\u00eda da Seguridade Social e[&#8230;]<\/p>\n","protected":false},"author":3,"featured_media":2306,"comment_status":"closed","ping_status":"open","sticky":false,"template":"","format":"standard","meta":{"footnotes":""},"categories":[35,34],"tags":[],"class_list":["post-2305","post","type-post","status-publish","format-standard","has-post-thumbnail","hentry","category-outras-novas","category-outras-novas-en-poleiro-alleo"],"_links":{"self":[{"href":"https:\/\/www.modepen.org\/index.php\/wp-json\/wp\/v2\/posts\/2305","targetHints":{"allow":["GET"]}}],"collection":[{"href":"https:\/\/www.modepen.org\/index.php\/wp-json\/wp\/v2\/posts"}],"about":[{"href":"https:\/\/www.modepen.org\/index.php\/wp-json\/wp\/v2\/types\/post"}],"author":[{"embeddable":true,"href":"https:\/\/www.modepen.org\/index.php\/wp-json\/wp\/v2\/users\/3"}],"replies":[{"embeddable":true,"href":"https:\/\/www.modepen.org\/index.php\/wp-json\/wp\/v2\/comments?post=2305"}],"version-history":[{"count":1,"href":"https:\/\/www.modepen.org\/index.php\/wp-json\/wp\/v2\/posts\/2305\/revisions"}],"predecessor-version":[{"id":2307,"href":"https:\/\/www.modepen.org\/index.php\/wp-json\/wp\/v2\/posts\/2305\/revisions\/2307"}],"wp:featuredmedia":[{"embeddable":true,"href":"https:\/\/www.modepen.org\/index.php\/wp-json\/wp\/v2\/media\/2306"}],"wp:attachment":[{"href":"https:\/\/www.modepen.org\/index.php\/wp-json\/wp\/v2\/media?parent=2305"}],"wp:term":[{"taxonomy":"category","embeddable":true,"href":"https:\/\/www.modepen.org\/index.php\/wp-json\/wp\/v2\/categories?post=2305"},{"taxonomy":"post_tag","embeddable":true,"href":"https:\/\/www.modepen.org\/index.php\/wp-json\/wp\/v2\/tags?post=2305"}],"curies":[{"name":"wp","href":"https:\/\/api.w.org\/{rel}","templated":true}]}}