{"id":2308,"date":"2022-09-12T12:41:37","date_gmt":"2022-09-12T10:41:37","guid":{"rendered":"https:\/\/www.modepen.org\/?p=2308"},"modified":"2022-09-12T12:41:37","modified_gmt":"2022-09-12T10:41:37","slug":"os-fondos-de-pensions-privados-desinflanse-e-erosionan-a-xubilacion-de-tres-millons-de-aforradores","status":"publish","type":"post","link":"https:\/\/www.modepen.org\/index.php\/2022\/09\/12\/os-fondos-de-pensions-privados-desinflanse-e-erosionan-a-xubilacion-de-tres-millons-de-aforradores\/","title":{"rendered":"Os fondos de pensi\u00f3ns privados des\u00ednflanse e erosionan a xubilaci\u00f3n de tres mill\u00f3ns de aforradores."},"content":{"rendered":"<p align=\"justify\"><span lang=\"gl-ES\">A noticia non pode ser m\u00e1is demoledora: \u201c<strong>Os fondos de pensi\u00f3ns privados des\u00ednflanse e erosionan a xubilaci\u00f3n de tres mill\u00f3ns de aforradore<\/strong>s\u201d: <\/span><span lang=\"gl-ES\">C<\/span><span lang=\"gl-ES\">ando lemos o artigo, comprobamos que non \u00e9 unha esaxeraci\u00f3n.<\/span><\/p>\n<p align=\"justify\"><span lang=\"gl-ES\">A<\/span><span lang=\"gl-ES\"> causa principal \u00e9 unha decisi\u00f3n pol\u00edtica, a diminuci\u00f3n dos beneficios fiscais que favorec\u00edan aos traballadores que \u201cinvest\u00edan na s\u00faa propia pensi\u00f3n\u201d. Uns beneficios fiscais que, por certo, pagamos entre todos (son ingresos que non recibe o estado) e que benefician aos que poden pagar estes plans (<\/span><span lang=\"gl-ES\">lembremos que <\/span><span lang=\"gl-ES\">o 10% dos traballadores con ingresos m\u00e1is altos fan o 50% das achegas<\/span><span lang=\"gl-ES\">)<\/span><span lang=\"gl-ES\">.<\/span><\/p>\n<p align=\"justify\"><span lang=\"gl-ES\">Pero n<\/span><span lang=\"gl-ES\">on \u00e9 s\u00f3 a ca\u00edda dos beneficios fiscais (que est\u00e1 levando a moitos <\/span><span lang=\"gl-ES\">part\u00edcipes<\/span><span lang=\"gl-ES\"> a cambiar estes fondos privados por adquisici\u00f3n de vivendas para alugar, como explica o artigo). Tam\u00e9n est\u00e1 a perda de rend<\/span><span lang=\"gl-ES\">i<\/span><span lang=\"gl-ES\">bilidade polo \u201cpincha<\/span><span lang=\"gl-ES\">zo<\/span><span lang=\"gl-ES\"> xeneralizados das bolsas\u201d (en resume: \u00c9 o mercado, amigo!)<\/span><\/p>\n<p align=\"justify\"><span lang=\"gl-ES\">Dirannos que a<\/span><span lang=\"gl-ES\"> ca\u00edda da rend<\/span><span lang=\"gl-ES\">i<\/span><span lang=\"gl-ES\">bilidade forma parte da transici\u00f3n entre os fondos individuais e os de empresa previstos na Reforma Escriv\u00e1. Pero o problema de base segue a ser o mesmo, a dependencia <\/span><span lang=\"gl-ES\">financeira duns<\/span><span lang=\"gl-ES\"> fondos privados que deixar\u00e1n de ser un dereito <\/span><span lang=\"gl-ES\">garantido polo estado a depender d<\/span><span lang=\"gl-ES\">o vai-v\u00e9n dos mercados ou d<\/span><span lang=\"gl-ES\">e<\/span><span lang=\"gl-ES\"> \u201cdecisi\u00f3ns pol\u00edticas\u201d (lembremos quen pagou o \u201crescate bancario\u201d) quedando, para os traballadores que non dean entrado, a \u201cpensi\u00f3n de toda a vida\u201d que, por <\/span><span lang=\"gl-ES\">se<\/span><span lang=\"gl-ES\">r<\/span><span lang=\"gl-ES\"> residual<\/span><span lang=\"gl-ES\">, pode<\/span><span lang=\"gl-ES\">r\u00e1<\/span> <span lang=\"gl-ES\">reducirse<\/span><span lang=\"gl-ES\"> cada vez m\u00e1is.<\/span><\/p>\n<p align=\"justify\"><span lang=\"gl-ES\">Contra <\/span><span lang=\"gl-ES\">esta<\/span><span lang=\"gl-ES\"> mercantilizaci\u00f3n <\/span><span lang=\"gl-ES\">temos que<\/span> <span lang=\"gl-ES\">defender<\/span><span lang=\"gl-ES\"> as pensi\u00f3ns como o que son: Un dereito a unha vellez digna.<\/span><\/p>\n<p align=\"justify\"><a href=\"https:\/\/www.publico.es\/economia\/fondos-pensiones-privados-desinflan-erosionan-jubilacion-tres-millones-ahorradores.html#md=modulo-portada-ancho-completo:t1;mm=mobile-big\" target=\"_blank\" rel=\"noopener\">Ligaz\u00f3n a o artigo de P\u00fablico.es<\/a><\/p>\n<p align=\"justify\"><span lang=\"gl-ES\">Para m\u00e1is informaci\u00f3n <\/span><span lang=\"gl-ES\">sobre os plans de pensi\u00f3ns privados na reforma Escriv\u00e1,<\/span><span lang=\"gl-ES\"> recomendamos este artigo do noso compa\u00f1eiro Xabier P\u00e9rez Davila en Infolibre. <a href=\"https:\/\/www.infolibre.es\/opinion\/plaza-publica\/privatizacion-pensiones-publicas-escriva-dirige-asalto-decisivo_129_1224127.html\" target=\"_blank\" rel=\"noopener\">Ligaz\u00f3n a o artigo de Infolibre.es<\/a><br \/>\n<\/span><\/p>\n<p align=\"justify\">Este artigo publicouse tam\u00e9n nesta p\u00e1xina de MODEPEN. <a href=\"https:\/\/www.modepen.org\/index.php\/2022\/04\/08\/xabier-perez-davila-privatizacion-de-las-pensiones-publicas-escriva-dirige-un-asalto-decisivo\/\" target=\"_blank\" rel=\"noopener\">Ligaz\u00f3n ao artigo.<\/a><\/p>\n<p align=\"justify\">\n","protected":false},"excerpt":{"rendered":"<p>A noticia non pode ser m\u00e1is demoledora: \u201cOs fondos de pensi\u00f3ns privados des\u00ednflanse e erosionan a xubilaci\u00f3n de tres mill\u00f3ns[&#8230;]<\/p>\n","protected":false},"author":3,"featured_media":2019,"comment_status":"closed","ping_status":"open","sticky":false,"template":"","format":"standard","meta":{"footnotes":""},"categories":[35,34],"tags":[],"class_list":["post-2308","post","type-post","status-publish","format-standard","has-post-thumbnail","hentry","category-outras-novas","category-outras-novas-en-poleiro-alleo"],"_links":{"self":[{"href":"https:\/\/www.modepen.org\/index.php\/wp-json\/wp\/v2\/posts\/2308","targetHints":{"allow":["GET"]}}],"collection":[{"href":"https:\/\/www.modepen.org\/index.php\/wp-json\/wp\/v2\/posts"}],"about":[{"href":"https:\/\/www.modepen.org\/index.php\/wp-json\/wp\/v2\/types\/post"}],"author":[{"embeddable":true,"href":"https:\/\/www.modepen.org\/index.php\/wp-json\/wp\/v2\/users\/3"}],"replies":[{"embeddable":true,"href":"https:\/\/www.modepen.org\/index.php\/wp-json\/wp\/v2\/comments?post=2308"}],"version-history":[{"count":1,"href":"https:\/\/www.modepen.org\/index.php\/wp-json\/wp\/v2\/posts\/2308\/revisions"}],"predecessor-version":[{"id":2309,"href":"https:\/\/www.modepen.org\/index.php\/wp-json\/wp\/v2\/posts\/2308\/revisions\/2309"}],"wp:featuredmedia":[{"embeddable":true,"href":"https:\/\/www.modepen.org\/index.php\/wp-json\/wp\/v2\/media\/2019"}],"wp:attachment":[{"href":"https:\/\/www.modepen.org\/index.php\/wp-json\/wp\/v2\/media?parent=2308"}],"wp:term":[{"taxonomy":"category","embeddable":true,"href":"https:\/\/www.modepen.org\/index.php\/wp-json\/wp\/v2\/categories?post=2308"},{"taxonomy":"post_tag","embeddable":true,"href":"https:\/\/www.modepen.org\/index.php\/wp-json\/wp\/v2\/tags?post=2308"}],"curies":[{"name":"wp","href":"https:\/\/api.w.org\/{rel}","templated":true}]}}