{"id":2361,"date":"2022-09-20T13:24:23","date_gmt":"2022-09-20T11:24:23","guid":{"rendered":"https:\/\/www.modepen.org\/?p=2361"},"modified":"2022-09-20T13:25:32","modified_gmt":"2022-09-20T11:25:32","slug":"carta-a-cidadania-outro-modelo-de-residencias-e-posible","status":"publish","type":"post","link":"https:\/\/www.modepen.org\/index.php\/2022\/09\/20\/carta-a-cidadania-outro-modelo-de-residencias-e-posible\/","title":{"rendered":"Carta \u00e1 cidadan\u00eda: Outro modelo de residencias \u00e9 posible"},"content":{"rendered":"<p style=\"text-align: center;\" align=\"justify\"><strong>Outro modelo de residencias \u00e9 posible<\/strong><\/p>\n<p align=\"justify\"><span lang=\"gl-ES\">O s\u00e1bado 17 de outubro celebrouse en Madrid, cunha ampla asistencia, \u00e1 manifestaci\u00f3n convocada pola Plataforma estatal de organizaci\u00f3ns de familiares e usuarias de residencias. Neste enlace podedes ler a \u201cCarta \u00e1 cidadan\u00eda\u201d que serviu de convocatoria. <\/span><\/p>\n<p align=\"justify\"><span lang=\"gl-ES\">Modepen apoiamos o contido da carta, pois, como se di na mesma,<\/span><span lang=\"gl-ES\"> estamos nun momento crucial <\/span><span lang=\"gl-ES\">xa que <\/span><span lang=\"gl-ES\">as Comunidades Aut\u00f3nomas, que te\u00f1en a competencia nesta materia, ter\u00e1n que elaborar nos pr\u00f3ximos meses as novas normativas que rexer\u00e1n o funcionamento das residencias. \u00c9, por tanto, o momento de evitar que se perpet\u00fae o sistema que se saldou co falecemento de 35.000 persoas maiores nas residencias do Estado espa\u00f1ol pola COVID-19 .<\/span><\/p>\n<p align=\"justify\">Neste senso a Plataforma, a\u00ednda que valora positivamente as melloras que achega o \u201cAcordo sobre Criterios Com\u00fans de Acreditaci\u00f3n e Calidade dos Centros e Servizos da Dependencia\u201d aprobado o pasado 28 de xu\u00f1o no Consello Territorial que re\u00fane ao Goberno central e as Comunidades Aut\u00f3nomas, considera que o documento non garante o cambio de modelo, non asegura coidados dignos e de calidade e que boa parte das demandas prioritarias dos familiares e dos usuarios non se tiveron en conta. En concreto:<\/p>\n<p align=\"justify\">&#8211; A ratio (0,43) de persoal coidador (xerocultoras o auxiliares) segue a ser insuficiente. P\u00eddese o 1,13, ou sexa 1 traballador\/a por cada 4 residentes nas quendas de ma\u00f1\u00e1 e de tarde e de 1 por cada 10 no de noite.<\/p>\n<p align=\"justify\">&#8211; Non se considera o reforzo do n\u00famero de inspectores, nin se estabelecen \u00f3rganos de representaci\u00f3n coa participaci\u00f3n de familiares.<\/p>\n<p align=\"justify\">\u2013 Non \u00e9 obrigatorio elaborar en todas as CCAA plans de creaci\u00f3n de residencias p\u00fablicas<\/p>\n<p align=\"justify\">\u2013 Non desaparecer\u00e1n as macro-residencias.<\/p>\n<p align=\"justify\">En definitiva, tr\u00e1tase de loitar por un novo modelo de funcionamento das residencias e dos demais servizos da Dependencia, no que \u00e9 inescusable a participaci\u00f3n activa de usuarias, familiares e traballadoras, como lex\u00edtimos representantes da cidadan\u00eda. Un novo modelo onde a iniciativa p\u00fablica sexa s\u00f3lida, onde os servizos se ofrezan no \u00e1mbito familiar, ben financiados, de calidade suficiente, dotados de persoal adecuado en n\u00famero e formaci\u00f3n, e a un prezo razoable para a realidade actual das pensi\u00f3ns.<\/p>\n<p align=\"justify\"><a href=\"https:\/\/www.coordinadoraresidencias.com\/_files\/ugd\/b8dd51_984fa9ab33e745bfa4a25a1b6a0e3cb4.pdf?index=true\" target=\"_blank\" rel=\"noopener\">LIGAZ\u00d3N A O TEXTO DA CARTA.<\/a><\/p>\n<p align=\"justify\"><a href=\"https:\/\/www.infolibre.es\/politica\/sistema-residencial-espanol-fraude_1_1318291.html\" target=\"_blank\" rel=\"noopener\">Entrevista ao Presidente da Federaci\u00f3n galega de organizaci\u00f3ns de familiares e usuarias (REDE) e portavoz da Plataforma.<\/a><\/p>\n<p align=\"justify\"><a href=\"https:\/\/www.infolibre.es\/politica\/juzgado-fiscalia-sereis-viejos-dia-miles-personas-exigen-mejores-residencias_1_1319342.html?fbclid=IwAR0p3X-Tcv-wu2Y6WELQJxUMaHcbmOan9fITGTOz4OdebN4A2_pAASKdxTY\" target=\"_blank\" rel=\"noopener\">Cr\u00f3nica da Manifestaci\u00f3n.<\/a><\/p>\n","protected":false},"excerpt":{"rendered":"<p>Outro modelo de residencias \u00e9 posible O s\u00e1bado 17 de outubro celebrouse en Madrid, cunha ampla asistencia, \u00e1 manifestaci\u00f3n convocada[&#8230;]<\/p>\n","protected":false},"author":3,"featured_media":2363,"comment_status":"closed","ping_status":"open","sticky":false,"template":"","format":"standard","meta":{"footnotes":""},"categories":[31],"tags":[],"class_list":["post-2361","post","type-post","status-publish","format-standard","has-post-thumbnail","hentry","category-servizos-sociais"],"_links":{"self":[{"href":"https:\/\/www.modepen.org\/index.php\/wp-json\/wp\/v2\/posts\/2361","targetHints":{"allow":["GET"]}}],"collection":[{"href":"https:\/\/www.modepen.org\/index.php\/wp-json\/wp\/v2\/posts"}],"about":[{"href":"https:\/\/www.modepen.org\/index.php\/wp-json\/wp\/v2\/types\/post"}],"author":[{"embeddable":true,"href":"https:\/\/www.modepen.org\/index.php\/wp-json\/wp\/v2\/users\/3"}],"replies":[{"embeddable":true,"href":"https:\/\/www.modepen.org\/index.php\/wp-json\/wp\/v2\/comments?post=2361"}],"version-history":[{"count":1,"href":"https:\/\/www.modepen.org\/index.php\/wp-json\/wp\/v2\/posts\/2361\/revisions"}],"predecessor-version":[{"id":2362,"href":"https:\/\/www.modepen.org\/index.php\/wp-json\/wp\/v2\/posts\/2361\/revisions\/2362"}],"wp:featuredmedia":[{"embeddable":true,"href":"https:\/\/www.modepen.org\/index.php\/wp-json\/wp\/v2\/media\/2363"}],"wp:attachment":[{"href":"https:\/\/www.modepen.org\/index.php\/wp-json\/wp\/v2\/media?parent=2361"}],"wp:term":[{"taxonomy":"category","embeddable":true,"href":"https:\/\/www.modepen.org\/index.php\/wp-json\/wp\/v2\/categories?post=2361"},{"taxonomy":"post_tag","embeddable":true,"href":"https:\/\/www.modepen.org\/index.php\/wp-json\/wp\/v2\/tags?post=2361"}],"curies":[{"name":"wp","href":"https:\/\/api.w.org\/{rel}","templated":true}]}}