{"id":2380,"date":"2022-09-27T18:03:11","date_gmt":"2022-09-27T16:03:11","guid":{"rendered":"https:\/\/www.modepen.org\/?p=2380"},"modified":"2022-09-27T18:06:25","modified_gmt":"2022-09-27T16:06:25","slug":"ata-o-15-de-outubro-seguimos-a-recoller-sinaturas-contra-os-aspectos-mais-negativos-da-reforma-escriva","status":"publish","type":"post","link":"https:\/\/www.modepen.org\/index.php\/2022\/09\/27\/ata-o-15-de-outubro-seguimos-a-recoller-sinaturas-contra-os-aspectos-mais-negativos-da-reforma-escriva\/","title":{"rendered":"Ata o 15 de outubro seguimos a recoller sinaturas contra os aspectos m\u00e1is negativos da Reforma Escriv\u00e1."},"content":{"rendered":"<p align=\"justify\"><span lang=\"gl-ES\">O artigo 5<\/span><span lang=\"gl-ES\">0<\/span><span lang=\"gl-ES\"> da Constituci\u00f3n vixente di: <\/span><span lang=\"gl-ES\"><i>\u201cOs poderes p\u00fablicos garantir\u00e1n, mediante pensi\u00f3ns adecuadas e actualizadas periodicamente, a suficiencia econ\u00f3mica dos cidad\u00e1ns durante a terceira idade. As\u00ed mesmo, e independentemente das obrigas familiares, promover\u00e1n o seu benestar mediante un sistema de servizos sociais que atender\u00e1n os seus problemas espec\u00edficos de sa\u00fade, vivenda, cultura e lecer\u201d.<\/i><\/span><\/p>\n<p align=\"justify\"><span lang=\"gl-ES\">C<\/span><span lang=\"gl-ES\">\u00f3mpre lembra<\/span><span lang=\"gl-ES\">lo<\/span><span lang=\"gl-ES\">. Porque <\/span><span lang=\"gl-ES\">unh<\/span><span lang=\"gl-ES\">a<\/span><span lang=\"gl-ES\">s pensi\u00f3ns p\u00fablicas dignas <\/span><span lang=\"gl-ES\">non<\/span><span lang=\"gl-ES\"> son un privilexio <\/span><span lang=\"gl-ES\">sen\u00f3n <\/span><span lang=\"gl-ES\">un dereito, un dereito <\/span><span lang=\"gl-ES\">que, na nosa regulaci\u00f3n, <\/span><span lang=\"gl-ES\">x<\/span><span lang=\"gl-ES\">\u00e9<\/span><span lang=\"gl-ES\">ra<\/span><span lang=\"gl-ES\">se<\/span><span lang=\"gl-ES\"> ao longo da vida laboral activa mediante as cotizaci\u00f3ns sociais (que son salario indirecto das persoas traballadoras), a trav\u00e9s dun sistema solidario de repartici\u00f3n.<\/span><\/p>\n<p align=\"justify\"><span lang=\"gl-ES\">M\u00e1is este dereito, <\/span><span lang=\"gl-ES\">como adoita pasar con outros instrumentos do estado de benestar,<\/span> <span lang=\"gl-ES\">\u00e9 un bocado moi apreciado polo <\/span><span lang=\"gl-ES\">poder financeiro e o capital especulativo. <\/span><span lang=\"gl-ES\">Pretenden e<\/span><span lang=\"gl-ES\">liminar ese dereito social, convert<\/span><span lang=\"gl-ES\">\u00e9ndoo<\/span><span lang=\"gl-ES\"> nun suculento negocio para a banca, as aseguradoras e as xestoras de fondos privados. <\/span><\/p>\n<p align=\"justify\"><span lang=\"gl-ES\">A<\/span><span lang=\"gl-ES\"> peza fundamental <\/span><span lang=\"gl-ES\">son os <\/span><span lang=\"gl-ES\">chamados plans de pensi\u00f3ns de empresa (PPEs), que <\/span><span lang=\"gl-ES\">pretenden ser<\/span><span lang=\"gl-ES\"> o inicio da privatizaci\u00f3n das pensi\u00f3ns p\u00fablicas, <\/span><span lang=\"gl-ES\">utilizando subvenci\u00f3ns e <\/span><span lang=\"gl-ES\">desgravaci\u00f3ns<\/span><span lang=\"gl-ES\"> fiscais (que pagaremos entre todos\/as) e mantendo <\/span><span lang=\"gl-ES\">e afondando n<\/span><span lang=\"gl-ES\">os aspectos m\u00e1is negativos do sistema actual, como a brecha de x\u00e9nero ou pensi\u00f3ns m\u00ednimas por <\/span><span lang=\"gl-ES\">baixo<\/span><span lang=\"gl-ES\"> do <\/span><span lang=\"gl-ES\">60% do Salario Medio, <\/span><span lang=\"gl-ES\">ou o cambio no sistema de c\u00f3mputo do \u201cIPC real\u201d, que supuxo unha perda do poder adquisitivo <\/span><span lang=\"gl-ES\">precisamente <\/span><span lang=\"gl-ES\">neste ano <\/span><span lang=\"gl-ES\">no que<\/span><span lang=\"gl-ES\"> a inflaci\u00f3n se dispara. <\/span><span lang=\"gl-ES\">Tr\u00e1tase de depreciar o sistema de reparto para facer \u201cinevit<\/span><span lang=\"gl-ES\">\u00e1<\/span><span lang=\"gl-ES\">bel\u201d <\/span><span lang=\"gl-ES\">eses <\/span> <span lang=\"gl-ES\">P<\/span><span lang=\"gl-ES\">lans de pensi\u00f3ns de empresa.<\/span><\/p>\n<p align=\"justify\">Por todas estas raz\u00f3ns Modepen, e outras organizaci\u00f3ns do estado, chamamos \u00e1s xentes traballadoras de calquera idade, pensionistas de hoxe ou de ma\u00f1\u00e1, a que tomen conciencia do que nos estamos xogando e, entre todas e todos, consigamos estes obxectivos:<\/p>\n<p align=\"justify\">\u00a0\u00a0\u00a0\u00a0\u00a0\u00a0\u00a0\u00a0\u00a0\u00a0 -EVITAR O EMPOBRECEMENTO DAS PENSI\u00d3NS.<\/p>\n<p align=\"justify\">\u00a0\u00a0\u00a0\u00a0\u00a0\u00a0\u00a0\u00a0\u00a0 -PENSI\u00d3NS DIGNAS PARA TODOS E TODAS.<\/p>\n<p align=\"justify\">\u00a0\u00a0\u00a0\u00a0\u00a0\u00a0\u00a0\u00a0\u00a0 -PENSI\u00d3NS P\u00daBLICAS, NON \u00c1 PRIVATIZACI\u00d3N.<\/p>\n<p style=\"text-align: center;\" align=\"justify\"><strong>GOBERNE QUEN GOBERNE, AS PENSI\u00d3NS E OS DEREITOS DEF\u00c9NDENSE<\/strong><\/p>\n<p align=\"justify\"><span lang=\"gl-ES\">P<\/span><span lang=\"gl-ES\">ara conseguir estes obxectivos imos iniciar un per\u00edodo de mobilizaci\u00f3ns, <\/span><span lang=\"gl-ES\">empezando<\/span><span lang=\"gl-ES\"> en<\/span><span lang=\"gl-ES\"> Madrid este 15 de outubro, onde, ademais, faremos entrega <\/span><span lang=\"gl-ES\">no Congreso dos Deputados das decenas de miles de sinaturas recollidas ata ese momento.<\/span><\/p>\n<p align=\"justify\"><b><span lang=\"gl-ES\">Se a\u00ednda non asinaches podes facelo nas mesas que estamos a po\u00f1er ou n<\/span><span lang=\"gl-ES\">o enlace <\/span><span lang=\"gl-ES\">que achegamos.<\/span><\/b><\/p>\n<p align=\"justify\"><a href=\"https:\/\/www.change.org\/p\/pensi%C3%B3ns-p%C3%BAblicas-dignas-nin-recortes-nin-privatizaci%C3%B3ns\" target=\"_blank\" rel=\"noopener\">Ligaz\u00f3n para asinar.<\/a><\/p>\n<p align=\"justify\">Outros enlaces de interese:<\/p>\n<p align=\"justify\"><a href=\"https:\/\/www.modepen.org\/wp-content\/uploads\/2022\/07\/220715_Comunicado_Anuncio_15O_Ga.pdf\" target=\"_blank\" rel=\"noopener\">&#8211; Convocatoria manifestaci\u00f3n 15 de outubro.<\/a><\/p>\n<p align=\"justify\"><a href=\"https:\/\/www.modepen.org\/index.php\/category\/movilizacions\/\" target=\"_blank\" rel=\"noopener\">&#8211; Informaci\u00f3ns de utilidade na p\u00e1xina de Modepen sobre esta mobilizaci\u00f3n.<\/a><\/p>\n","protected":false},"excerpt":{"rendered":"<p>O artigo 50 da Constituci\u00f3n vixente di: \u201cOs poderes p\u00fablicos garantir\u00e1n, mediante pensi\u00f3ns adecuadas e actualizadas periodicamente, a suficiencia econ\u00f3mica[&#8230;]<\/p>\n","protected":false},"author":3,"featured_media":2381,"comment_status":"closed","ping_status":"open","sticky":false,"template":"","format":"standard","meta":{"footnotes":""},"categories":[33],"tags":[],"class_list":["post-2380","post","type-post","status-publish","format-standard","has-post-thumbnail","hentry","category-novas-destacadas"],"_links":{"self":[{"href":"https:\/\/www.modepen.org\/index.php\/wp-json\/wp\/v2\/posts\/2380","targetHints":{"allow":["GET"]}}],"collection":[{"href":"https:\/\/www.modepen.org\/index.php\/wp-json\/wp\/v2\/posts"}],"about":[{"href":"https:\/\/www.modepen.org\/index.php\/wp-json\/wp\/v2\/types\/post"}],"author":[{"embeddable":true,"href":"https:\/\/www.modepen.org\/index.php\/wp-json\/wp\/v2\/users\/3"}],"replies":[{"embeddable":true,"href":"https:\/\/www.modepen.org\/index.php\/wp-json\/wp\/v2\/comments?post=2380"}],"version-history":[{"count":1,"href":"https:\/\/www.modepen.org\/index.php\/wp-json\/wp\/v2\/posts\/2380\/revisions"}],"predecessor-version":[{"id":2382,"href":"https:\/\/www.modepen.org\/index.php\/wp-json\/wp\/v2\/posts\/2380\/revisions\/2382"}],"wp:featuredmedia":[{"embeddable":true,"href":"https:\/\/www.modepen.org\/index.php\/wp-json\/wp\/v2\/media\/2381"}],"wp:attachment":[{"href":"https:\/\/www.modepen.org\/index.php\/wp-json\/wp\/v2\/media?parent=2380"}],"wp:term":[{"taxonomy":"category","embeddable":true,"href":"https:\/\/www.modepen.org\/index.php\/wp-json\/wp\/v2\/categories?post=2380"},{"taxonomy":"post_tag","embeddable":true,"href":"https:\/\/www.modepen.org\/index.php\/wp-json\/wp\/v2\/tags?post=2380"}],"curies":[{"name":"wp","href":"https:\/\/api.w.org\/{rel}","templated":true}]}}