{"id":2396,"date":"2022-10-04T11:06:36","date_gmt":"2022-10-04T09:06:36","guid":{"rendered":"https:\/\/www.modepen.org\/?p=2396"},"modified":"2022-10-04T11:25:54","modified_gmt":"2022-10-04T09:25:54","slug":"polo-mantemento-do-poder-adquisitivo-das-traballadoras-e-dos-traballadores","status":"publish","type":"post","link":"https:\/\/www.modepen.org\/index.php\/2022\/10\/04\/polo-mantemento-do-poder-adquisitivo-das-traballadoras-e-dos-traballadores\/","title":{"rendered":"Manifesto del 15 de Outubro de 2022: POLA RECUPERACI\u00d3N DO PODER ADQUISITIVO DE PENSI\u00d3NS E SALARIOS."},"content":{"rendered":"<h2><a href=\"https:\/\/www.modepen.org\/wp-content\/uploads\/2022\/10\/Manifiesto-15-Oct-gal.pdf\" target=\"_blank\" rel=\"noopener\">Manifesto del 15 de Outubro de 2022: POLA RECUPERACI\u00d3N DO PODER ADQUISITIVO DE PENSI\u00d3NS E SALARIOS.<\/a><\/h2>\n<p align=\"justify\"><span lang=\"gl-ES\">O 15 de outubro <\/span><span lang=\"gl-ES\">a<\/span><span lang=\"gl-ES\">s\/<\/span><span lang=\"gl-ES\">os<\/span><span lang=\"gl-ES\"> pensionistas imos <\/span><span lang=\"gl-ES\">dar <\/span><span lang=\"gl-ES\">inici<\/span><span lang=\"gl-ES\">o a un per\u00edodo de<\/span><span lang=\"gl-ES\"> mobilizaci\u00f3ns <\/span><span lang=\"gl-ES\">cos seguintes obxectivos<\/span><span lang=\"gl-ES\">:<\/span><\/p>\n<p>&#8211; Defender o mantemento do poder adquisitivo das pensi\u00f3ns, e a s\u00faa revaloriz\u00e1ndoas en funci\u00f3n do incremento do \u201cIPC real\u201d (o IPC Acumulado Anual).<\/p>\n<p>&#8211; Esixir unhas Pensi\u00f3ns dignas para todos (que non haxa pensi\u00f3ns por baixo do limiar da pobreza, eliminaci\u00f3n da brecha de x\u00e9nero en salarios e pensi\u00f3ns e aumento da pensi\u00f3n m\u00ednima ata equipararse ao Salario M\u00ednimo Interprofesional, e este situarse no 60% do Salario Medio como recomenda a Carta Social Europea).<\/p>\n<p>&#8211; E contra a privatizaci\u00f3n das pensi\u00f3ns p\u00fablicas, esixindo, neste sentido, a derrogaci\u00f3n da Lei de Regulaci\u00f3n para o impulso dos Plans de Pensi\u00f3ns de Emprego (PPEs).<\/p>\n<p><span lang=\"gl-ES\">Os pensionistas s<\/span><span lang=\"gl-ES\">omos conscientes de que a nosa loita non <\/span><span lang=\"gl-ES\">est\u00e1<\/span><span lang=\"gl-ES\"> nin pode estar illada da d<\/span><span lang=\"gl-ES\">a<\/span><span lang=\"gl-ES\">s <\/span><span lang=\"gl-ES\">traballadoras e<\/span><span lang=\"gl-ES\"> traballador<\/span><span lang=\"gl-ES\">es<\/span><span lang=\"gl-ES\"> hoxe en activo. A\u00ednda que non sexa m\u00e1is que porque \u00e9<\/span> <span lang=\"gl-ES\">impos\u00edbel <\/span><span lang=\"gl-ES\">imaxinar pensi\u00f3ns decentes <\/span><span lang=\"gl-ES\">(<\/span><span lang=\"gl-ES\">as de hoxe e, sobre todo, as do futuro<\/span><span lang=\"gl-ES\">)<\/span><span lang=\"gl-ES\"> sen salarios decentes. <\/span><\/p>\n<p>Por iso sentimos preocupaci\u00f3n coa marcha das \u201cnegociaci\u00f3ns\u201d (ou a falta destas) para evitar a perda de poder adquisitivo das traballadoras e dos traballadores que provoca a negativa da patronal a inclu\u00edr a cl\u00e1usula de revisi\u00f3n salarial nos convenios en negociaci\u00f3.<\/p>\n<p>O artigo que enlazamos informa de como est\u00e1 a situaci\u00f3n neste momento no conxunto do Estado. \u00a0<a href=\"https:\/\/www.infolibre.es\/economia\/banca-limpiadoras-patronales-no-quieren-salarios-suban-3-5-ano_1_1328905.html\" target=\"_blank\" rel=\"noopener\">Ligaz\u00f3n a o artigo \u201clas patronales no quieren que los salarios suban m\u00e1s del 3,5% este a\u00f1o\u201c<\/a><\/p>\n<p align=\"justify\">\n","protected":false},"excerpt":{"rendered":"<p>Manifesto del 15 de Outubro de 2022: POLA RECUPERACI\u00d3N DO PODER ADQUISITIVO DE PENSI\u00d3NS E SALARIOS. O 15 de outubro[&#8230;]<\/p>\n","protected":false},"author":3,"featured_media":2287,"comment_status":"closed","ping_status":"open","sticky":false,"template":"","format":"standard","meta":{"footnotes":""},"categories":[33,29],"tags":[],"class_list":["post-2396","post","type-post","status-publish","format-standard","has-post-thumbnail","hentry","category-novas-destacadas","category-outras-novas-miscelanea"],"_links":{"self":[{"href":"https:\/\/www.modepen.org\/index.php\/wp-json\/wp\/v2\/posts\/2396","targetHints":{"allow":["GET"]}}],"collection":[{"href":"https:\/\/www.modepen.org\/index.php\/wp-json\/wp\/v2\/posts"}],"about":[{"href":"https:\/\/www.modepen.org\/index.php\/wp-json\/wp\/v2\/types\/post"}],"author":[{"embeddable":true,"href":"https:\/\/www.modepen.org\/index.php\/wp-json\/wp\/v2\/users\/3"}],"replies":[{"embeddable":true,"href":"https:\/\/www.modepen.org\/index.php\/wp-json\/wp\/v2\/comments?post=2396"}],"version-history":[{"count":8,"href":"https:\/\/www.modepen.org\/index.php\/wp-json\/wp\/v2\/posts\/2396\/revisions"}],"predecessor-version":[{"id":2405,"href":"https:\/\/www.modepen.org\/index.php\/wp-json\/wp\/v2\/posts\/2396\/revisions\/2405"}],"wp:featuredmedia":[{"embeddable":true,"href":"https:\/\/www.modepen.org\/index.php\/wp-json\/wp\/v2\/media\/2287"}],"wp:attachment":[{"href":"https:\/\/www.modepen.org\/index.php\/wp-json\/wp\/v2\/media?parent=2396"}],"wp:term":[{"taxonomy":"category","embeddable":true,"href":"https:\/\/www.modepen.org\/index.php\/wp-json\/wp\/v2\/categories?post=2396"},{"taxonomy":"post_tag","embeddable":true,"href":"https:\/\/www.modepen.org\/index.php\/wp-json\/wp\/v2\/tags?post=2396"}],"curies":[{"name":"wp","href":"https:\/\/api.w.org\/{rel}","templated":true}]}}