{"id":2491,"date":"2022-12-01T21:37:51","date_gmt":"2022-12-01T20:37:51","guid":{"rendered":"https:\/\/www.modepen.org\/?p=2491"},"modified":"2022-12-01T21:37:51","modified_gmt":"2022-12-01T20:37:51","slug":"reflexions-dun-mozo-de-corenta-anos-sobre-as-pensions-si-jovenes-estan-hablando-de-vuestras-pensiones","status":"publish","type":"post","link":"https:\/\/www.modepen.org\/index.php\/2022\/12\/01\/reflexions-dun-mozo-de-corenta-anos-sobre-as-pensions-si-jovenes-estan-hablando-de-vuestras-pensiones\/","title":{"rendered":"Reflexi\u00f3ns dun mozo de corenta anos sobre as pensi\u00f3ns: &#8220;S\u00ed, j\u00f3venes, est\u00e1n hablando de vuestras pensiones&#8221;."},"content":{"rendered":"<p>\u201cA mi\u00f1a xeraci\u00f3n -nacida nos anos setenta- nunca pensou na s\u00faa xubilaci\u00f3n. E non digamos os m\u00e1is novos, nativos precarios. Pero chegar\u00e1 o d\u00eda, e \u00e9 mellor que nos preocupemos por iso e non obviar as propostas de reforma das pensi\u00f3ns.\u201d<\/p>\n<p>As\u00ed empezan estas interesantes reflexi\u00f3ns de Isaac Rosa no xornal eldiario.es.<\/p>\n<p>Unhas reflexi\u00f3ns sobre paro e precariedade, aut\u00f3nomos, reforma das pensi\u00f3ns&#8230; E que remata deste xeito:<\/p>\n<p><strong><em>\u201c&#8230;M\u00e1is nos vale atender, informarnos, protestar cando sexa necesario, defender os nosos dereitos. Si, os nosos. Porque esta reforma, como as anteriores e as que ve\u00f1an despois, non son para os xa xubilados -que por certo xa loitan polo seu, xa podemos aprender deles-, sen\u00f3n para os pensionistas do futuro. \u00c9 dicir, n\u00f3s. Que si, que vale, que a\u00ednda seremos novos aos setenta anos. Mozos e precarios. Mozos e pensionistas precarios, coma non espertemos.\u201d<\/em><\/strong><\/p>\n<p><a href=\"https:\/\/www.eldiario.es\/opinion\/zona-critica\/si-jovenes-hablando-pensiones_129_9755654.html\" target=\"_blank\" rel=\"noopener\">Artigo de Isaac Rosa no &#8220;eldiario.es&#8221;.<\/a><\/p>\n<p>&nbsp;<\/p>\n","protected":false},"excerpt":{"rendered":"<p>\u201cA mi\u00f1a xeraci\u00f3n -nacida nos anos setenta- nunca pensou na s\u00faa xubilaci\u00f3n. E non digamos os m\u00e1is novos, nativos precarios.[&#8230;]<\/p>\n","protected":false},"author":3,"featured_media":2492,"comment_status":"closed","ping_status":"open","sticky":false,"template":"","format":"standard","meta":{"footnotes":""},"categories":[34],"tags":[],"class_list":["post-2491","post","type-post","status-publish","format-standard","has-post-thumbnail","hentry","category-outras-novas-en-poleiro-alleo"],"_links":{"self":[{"href":"https:\/\/www.modepen.org\/index.php\/wp-json\/wp\/v2\/posts\/2491","targetHints":{"allow":["GET"]}}],"collection":[{"href":"https:\/\/www.modepen.org\/index.php\/wp-json\/wp\/v2\/posts"}],"about":[{"href":"https:\/\/www.modepen.org\/index.php\/wp-json\/wp\/v2\/types\/post"}],"author":[{"embeddable":true,"href":"https:\/\/www.modepen.org\/index.php\/wp-json\/wp\/v2\/users\/3"}],"replies":[{"embeddable":true,"href":"https:\/\/www.modepen.org\/index.php\/wp-json\/wp\/v2\/comments?post=2491"}],"version-history":[{"count":2,"href":"https:\/\/www.modepen.org\/index.php\/wp-json\/wp\/v2\/posts\/2491\/revisions"}],"predecessor-version":[{"id":2494,"href":"https:\/\/www.modepen.org\/index.php\/wp-json\/wp\/v2\/posts\/2491\/revisions\/2494"}],"wp:featuredmedia":[{"embeddable":true,"href":"https:\/\/www.modepen.org\/index.php\/wp-json\/wp\/v2\/media\/2492"}],"wp:attachment":[{"href":"https:\/\/www.modepen.org\/index.php\/wp-json\/wp\/v2\/media?parent=2491"}],"wp:term":[{"taxonomy":"category","embeddable":true,"href":"https:\/\/www.modepen.org\/index.php\/wp-json\/wp\/v2\/categories?post=2491"},{"taxonomy":"post_tag","embeddable":true,"href":"https:\/\/www.modepen.org\/index.php\/wp-json\/wp\/v2\/tags?post=2491"}],"curies":[{"name":"wp","href":"https:\/\/api.w.org\/{rel}","templated":true}]}}