{"id":2498,"date":"2022-12-05T03:47:58","date_gmt":"2022-12-05T02:47:58","guid":{"rendered":"https:\/\/www.modepen.org\/?p=2498"},"modified":"2022-12-09T10:55:42","modified_gmt":"2022-12-09T09:55:42","slug":"balance-dun-ano-de-loitas","status":"publish","type":"post","link":"https:\/\/www.modepen.org\/index.php\/2022\/12\/05\/balance-dun-ano-de-loitas\/","title":{"rendered":"Balance dun ano de loitas: Intervenci\u00f3n do Compa\u00f1eiro Evaristo Lombardero, na concentraci\u00f3n do MODEPEN celebrada en Ribadeo, o 3 de decembro de 2022."},"content":{"rendered":"<p>Na concentraci\u00f3n que adoita ter a <strong>Plataforma de Modepen en Ribadeo<\/strong> os primeiros s\u00e1bados de mes o noso compa\u00f1eiro <strong>Evaristo Lombardero Rico<\/strong> fixo un balance deste ano de loitas.<\/p>\n<p>Dese cumprido balance sa\u00edron as p\u00e1xinas que achegamos e que consideramos moi interesantes como referente tanto do que pasou neste ano no que pasaron tantas cousas, como pola perspectiva que nos ofrece dos traballos e reivindicaci\u00f3ns que nos debemos marcar para o futuro inmediato.<\/p>\n<p>Porque no 2022 afrontamos grandes retos: Unha grave crise social e pol\u00edtica. Unha crise de unidade, hoxe mellor encami\u00f1ada, dentro do noso movemento. Unha reforma en profundidade do ministro Escriv\u00e1 \u00e1 que hab\u00eda que dar resposta, con \u00e9xitos reais, por certo, pero a\u00ednda non totais.<\/p>\n<p><span lang=\"gl-ES\">E <\/span><span lang=\"gl-ES\">entre os asuntos que a\u00ednda seguen pendentes c\u00f3mpre mencionar especialmen<\/span><span lang=\"gl-ES\">t<\/span><span lang=\"gl-ES\">e a Auditor\u00eda das Contas da Seguridade Social, que xa deber\u00eda estar feitas segundo a lei, ou a pretensi\u00f3n de Aumentar o per\u00edodo de computo para o c\u00e1lculo das pensi\u00f3ns. Sen esquecernos da suba, real, das pensi\u00f3ns de acordo coa inflaci\u00f3n, a eliminaci\u00f3n da brecha de x\u00e9nero, o non a privatizaci\u00f3n dos Plans de Empresa&#8230; <\/span><span lang=\"gl-ES\">ou d<\/span><span lang=\"gl-ES\">o Dereito \u00e1 Sa\u00fade e a Educaci\u00f3n Publicas e de calidade, \u00e1 <\/span><span lang=\"gl-ES\">un parque p\u00fablico de vivendas de alugueiro&#8230;<\/span><\/p>\n<p><span lang=\"gl-ES\">En calquera caso <\/span><span lang=\"gl-ES\">unhas p\u00e1xinas que c\u00f3mpre ler.<\/span><\/p>\n<p><a href=\"https:\/\/www.modepen.org\/wp-content\/uploads\/2022\/12\/Evaluacion-1-Evaristo-2022-Modepen.pdf\" target=\"_blank\" rel=\"noopener\">Artigo do compa\u00f1eiro Evaristo.<\/a><\/p>\n","protected":false},"excerpt":{"rendered":"<p>Na concentraci\u00f3n que adoita ter a Plataforma de Modepen en Ribadeo os primeiros s\u00e1bados de mes o noso compa\u00f1eiro Evaristo[&#8230;]<\/p>\n","protected":false},"author":3,"featured_media":2499,"comment_status":"closed","ping_status":"open","sticky":false,"template":"","format":"standard","meta":{"footnotes":""},"categories":[33],"tags":[],"class_list":["post-2498","post","type-post","status-publish","format-standard","has-post-thumbnail","hentry","category-novas-destacadas"],"_links":{"self":[{"href":"https:\/\/www.modepen.org\/index.php\/wp-json\/wp\/v2\/posts\/2498","targetHints":{"allow":["GET"]}}],"collection":[{"href":"https:\/\/www.modepen.org\/index.php\/wp-json\/wp\/v2\/posts"}],"about":[{"href":"https:\/\/www.modepen.org\/index.php\/wp-json\/wp\/v2\/types\/post"}],"author":[{"embeddable":true,"href":"https:\/\/www.modepen.org\/index.php\/wp-json\/wp\/v2\/users\/3"}],"replies":[{"embeddable":true,"href":"https:\/\/www.modepen.org\/index.php\/wp-json\/wp\/v2\/comments?post=2498"}],"version-history":[{"count":4,"href":"https:\/\/www.modepen.org\/index.php\/wp-json\/wp\/v2\/posts\/2498\/revisions"}],"predecessor-version":[{"id":2505,"href":"https:\/\/www.modepen.org\/index.php\/wp-json\/wp\/v2\/posts\/2498\/revisions\/2505"}],"wp:featuredmedia":[{"embeddable":true,"href":"https:\/\/www.modepen.org\/index.php\/wp-json\/wp\/v2\/media\/2499"}],"wp:attachment":[{"href":"https:\/\/www.modepen.org\/index.php\/wp-json\/wp\/v2\/media?parent=2498"}],"wp:term":[{"taxonomy":"category","embeddable":true,"href":"https:\/\/www.modepen.org\/index.php\/wp-json\/wp\/v2\/categories?post=2498"},{"taxonomy":"post_tag","embeddable":true,"href":"https:\/\/www.modepen.org\/index.php\/wp-json\/wp\/v2\/tags?post=2498"}],"curies":[{"name":"wp","href":"https:\/\/api.w.org\/{rel}","templated":true}]}}