{"id":2551,"date":"2023-01-15T12:25:48","date_gmt":"2023-01-15T11:25:48","guid":{"rendered":"https:\/\/www.modepen.org\/?p=2551"},"modified":"2023-01-15T12:25:48","modified_gmt":"2023-01-15T11:25:48","slug":"a-necesidade-da-organizacion-e-da-unidade-de-accion","status":"publish","type":"post","link":"https:\/\/www.modepen.org\/index.php\/2023\/01\/15\/a-necesidade-da-organizacion-e-da-unidade-de-accion\/","title":{"rendered":"A necesidade da Organizaci\u00f3n e da Unidade de Acci\u00f3n."},"content":{"rendered":"<p align=\"justify\"><span lang=\"gl-ES\">O<\/span><span lang=\"gl-ES\"> 13 de xaneiro de 2023 as organizaci\u00f3ns de pensionistas inclu\u00eddas na \u201c<\/span><span lang=\"gl-ES\">U<\/span><span lang=\"gl-ES\">nidade de <\/span><span lang=\"gl-ES\">A<\/span><span lang=\"gl-ES\">cci\u00f3n\u201d public<\/span><span lang=\"gl-ES\">a<\/span><span lang=\"gl-ES\">mos<\/span><span lang=\"gl-ES\"> o Documento que achegamos <\/span><span lang=\"gl-ES\">e<\/span><span lang=\"gl-ES\"> no que realiza<\/span><span lang=\"gl-ES\">mos<\/span> <span lang=\"gl-ES\">1)<\/span> <span lang=\"gl-ES\">U<\/span><span lang=\"gl-ES\">nha valoraci\u00f3n do sucedido neste <\/span><span lang=\"gl-ES\">pasado <\/span><span lang=\"gl-ES\">ano 202<\/span><span lang=\"gl-ES\">2,<\/span> <span lang=\"gl-ES\">2) <\/span><span lang=\"gl-ES\">A<\/span><span lang=\"gl-ES\">s <\/span>respostas <span lang=\"gl-ES\">d<\/span><span lang=\"gl-ES\">o noso movemento <\/span><span lang=\"gl-ES\">a<\/span><span lang=\"gl-ES\"> esta situaci\u00f3n, <\/span><span lang=\"gl-ES\">3) <\/span><span lang=\"gl-ES\">A<\/span><span lang=\"gl-ES\">s vitorias conseguidas e <\/span><span lang=\"gl-ES\">4)<\/span> <span lang=\"gl-ES\">As t<\/span><span lang=\"gl-ES\">arefas que temos pendentes.<\/span><\/p>\n<p align=\"justify\"><span lang=\"gl-ES\">1) <\/span><span lang=\"gl-ES\">O<\/span><span lang=\"gl-ES\"> 2022 <\/span><span lang=\"gl-ES\">estivo <\/span><span lang=\"gl-ES\">marcado pola <\/span><span lang=\"gl-ES\"> crise das materias primas e a guerra de Ucra\u00edna, <\/span><span lang=\"gl-ES\">ante o que <\/span><span lang=\"gl-ES\">a Uni\u00f3n Europea optou por aceptar un<\/span><span lang=\"gl-ES\"> papel subalterno en relaci\u00f3n <\/span><span lang=\"gl-ES\">aos Estados Unidos <\/span><span lang=\"gl-ES\">e a OTAN <\/span><span lang=\"gl-ES\">desviando d<\/span><span lang=\"gl-ES\">ese xeito <\/span><span lang=\"gl-ES\">enorme<\/span><span lang=\"gl-ES\">s<\/span> <span lang=\"gl-ES\">recursos econ\u00f3micos a gastos militares. <\/span><span lang=\"gl-ES\">Recursos que deber\u00edan ter sido destinados<\/span> <span lang=\"gl-ES\">a erradicar a pobreza, precariedade, desigualdade e exclusi\u00f3n social que padece a cidadan\u00eda. <\/span><span lang=\"gl-ES\">Unha <\/span><span lang=\"gl-ES\">elecci\u00f3n <\/span><span lang=\"gl-ES\">que propicia o rexurdir do fascismo e o autoritarismo.<\/span><\/p>\n<p align=\"justify\"><span lang=\"gl-ES\">As\u00ed, n<\/span><span lang=\"gl-ES\">o documento anal\u00edzase<\/span> <span lang=\"gl-ES\">o<\/span><span lang=\"gl-ES\"> aumento brutal da inflaci\u00f3n <\/span><span lang=\"gl-ES\">e dos tipos de inter<\/span><span lang=\"gl-ES\">e<\/span><span lang=\"gl-ES\">se <\/span><span lang=\"gl-ES\">en comparanza c<\/span><span lang=\"gl-ES\">os escandalosos beneficios das empresas do IBEX 35. <\/span><span lang=\"gl-ES\">E tam\u00e9n se analizan a<\/span><span lang=\"gl-ES\">s d<\/span><span lang=\"gl-ES\">\u00faas fases da Reforma das Pensi\u00f3ns, coa introduci\u00f3n do chamado \u201cIPC medio\u201d e a supresi\u00f3n da paga compensatoria coa consecuente reduci\u00f3n do poder adquisitivo, a promoci\u00f3n dos Plans Privados de Empresa (pistoletazo de sa\u00edda da privatizaci\u00f3n do sistema de pensi\u00f3ns) ou o positivo acordo de realizar unha Auditor\u00eda, <\/span><span lang=\"gl-ES\">ilegalmente a\u00ednda non cumprido<\/span><span lang=\"gl-ES\">.<\/span><\/p>\n<p align=\"justify\"><span lang=\"gl-ES\">2) <\/span><span lang=\"gl-ES\">O movemento pensionista respond<\/span><span lang=\"gl-ES\">eu<\/span><span lang=\"gl-ES\"> co<\/span><span lang=\"gl-ES\">n<\/span><span lang=\"gl-ES\"> mobilizaci\u00f3n<\/span><span lang=\"gl-ES\">s como<\/span><span lang=\"gl-ES\"> a<\/span><span lang=\"gl-ES\"> recollida de <\/span><span lang=\"gl-ES\">m\u00e1is de 240.000 <\/span><span lang=\"gl-ES\">sinaturas entregadas en outubro ao Congreso dos Deputados, <\/span><span lang=\"gl-ES\">a mobilizaci\u00f3n <\/span><span lang=\"gl-ES\">unitaria<\/span> <span lang=\"gl-ES\">do 15 de outubro, <\/span><span lang=\"gl-ES\">a<\/span><span lang=\"gl-ES\"> rolda de entrevistas coas forzas pol\u00edticas do Congreso <\/span><span lang=\"gl-ES\">ou a <\/span><span lang=\"gl-ES\">mobilizaci\u00f3n descentralizada do 19 de novembro, <\/span><span lang=\"gl-ES\">desta vez <\/span><span lang=\"gl-ES\">xunto ao sindicalismo combativo e os movementos sociais, como un paso m\u00e1is <\/span><span lang=\"gl-ES\">na<\/span><span lang=\"gl-ES\"> loita conxunta.<\/span><\/p>\n<p align=\"justify\"><span lang=\"gl-ES\">3) <\/span><span lang=\"gl-ES\">Unhas mobilizaci\u00f3ns que deron os seus froitos. Lembremos a suba do 8,5% (<\/span><span lang=\"gl-ES\">con todos os seus peros, que os ten<\/span><span lang=\"gl-ES\">), <\/span><span lang=\"gl-ES\">a<\/span> <span lang=\"gl-ES\">inclusi\u00f3n<\/span><span lang=\"gl-ES\"> dos gastos impropios dentro dos orzamentos xerais, o<\/span><span lang=\"gl-ES\">s<\/span><span lang=\"gl-ES\"> adiamento<\/span><span lang=\"gl-ES\">s <\/span><span lang=\"gl-ES\">de medidas como <\/span><span lang=\"gl-ES\">a ampliaci\u00f3n do per\u00edodo de c\u00f3mputo para o c\u00e1lculo das pensi\u00f3ns <\/span><span lang=\"gl-ES\">ou <\/span><span lang=\"gl-ES\">a creaci\u00f3n da \u201cAxencia Estatal da Administraci\u00f3n da Seguridade Social\u201d (co <\/span><span lang=\"gl-ES\">seu <\/span><span lang=\"gl-ES\">risco de privatizaci\u00f3n patrimonial d<\/span><span lang=\"gl-ES\">a SS<\/span><span lang=\"gl-ES\">) ou a admisi\u00f3n a tr\u00e1mite no Parlamento Europeo do debate sobre a penalizaci\u00f3n con coeficientes redutores <\/span><span lang=\"gl-ES\">d<\/span><span lang=\"gl-ES\">os e d<\/span><span lang=\"gl-ES\">as<\/span> <span lang=\"gl-ES\">pensionistas<\/span><span lang=\"gl-ES\"> con longas carreiras de cotizaci\u00f3n, \u00e1 hora de xubilarse anticipadamente.<\/span><\/p>\n<p align=\"justify\"><span lang=\"gl-ES\">4<\/span><span lang=\"gl-ES\">) E a loita ten que continuar ata conseguir as <\/span><span lang=\"gl-ES\">nosas <\/span><span lang=\"gl-ES\">demanda<\/span><span lang=\"gl-ES\">s, entre as cales:<\/span> <span lang=\"gl-ES\">Recuperar o poder adquisitivo de salarios e pensi\u00f3ns, suba <\/span><span lang=\"gl-ES\">inmediata<\/span><span lang=\"gl-ES\"> das pensi\u00f3ns m\u00ednimas, <\/span><span lang=\"gl-ES\">a<\/span><span lang=\"gl-ES\">cabar coa fenda de x\u00e9nero, <\/span><span lang=\"gl-ES\">realizaci\u00f3n d<\/span><span lang=\"gl-ES\">a Auditor\u00eda da Seguridade Social, <\/span><span lang=\"gl-ES\">d<\/span><span lang=\"gl-ES\">erroga<\/span><span lang=\"gl-ES\">ci\u00f3n<\/span> <span lang=\"gl-ES\">d<\/span><span lang=\"gl-ES\">os recortes das reformas de pensi\u00f3ns de 2011, 2013, e 2021, <\/span><span lang=\"gl-ES\">e <\/span><span lang=\"gl-ES\">d<\/span><span lang=\"gl-ES\">a promoci\u00f3n dos Plans Privados de Empresa, <\/span><span lang=\"gl-ES\">eliminaci\u00f3n dos coeficientes redutores \u00e1s longas carreiras de cotizaci\u00f3n, <\/span><span lang=\"gl-ES\">oposici\u00f3n<\/span><span lang=\"gl-ES\"> a descapitalizaci\u00f3n da Seguridade Social <\/span><span lang=\"gl-ES\">e a<\/span><span lang=\"gl-ES\">o aumento dos anos para o c\u00e1lculo da base reguladora da pensi\u00f3n&#8230;<\/span><\/p>\n<p align=\"justify\"><span lang=\"gl-ES\">O Documento conxunto remata manifestando a vontade de reforzar a Unidade de Acci\u00f3n <\/span><span lang=\"gl-ES\">P<\/span><span lang=\"gl-ES\">ensionista e \u201ca nosa vontade de unir as nosas loitas coas que se desenvolven en prol dos dereitos laborais, dos servizos p\u00fablicos esenciais, como a sanidade, a educaci\u00f3n, a vivenda, os coidados \u00e1s persoas dependentes (xesti\u00f3n das residencias de maiores, servizos de atenci\u00f3n domiciliaria&#8230;)\u201d<\/span><\/p>\n<p align=\"justify\">Asinan o Documento:<\/p>\n<p align=\"justify\">ASJUBI40 (Asociaci\u00f3n Jubilaci\u00f3n Anticipada sin Penalizar),<\/p>\n<p align=\"justify\">COESPE (Coordinadora Estatal por la Defensa del Sistema P\u00fablico de Pensiones),<\/p>\n<p align=\"justify\">EHPM (Movimiento de Pensionistas de Euskal Herria),<\/p>\n<p align=\"justify\">MADPP (Movimiento Andaluz en Defensa de las Pensiones P\u00fablicas),<\/p>\n<p align=\"justify\">MODEPEN (Movemento Galego en Defensa das Pensi\u00f3ns e os Servizos P\u00fablicos),<\/p>\n<p align=\"justify\">UNIDADE COESPE (Coordinadora Estatal de Pensionistas),<\/p>\n<p>PLATAFORMAS DE PENSIONISTAS de Badajoz, M\u00f3stoles, \u2026<\/p>\n<p>&nbsp;<\/p>\n<p><a href=\"https:\/\/www.modepen.org\/wp-content\/uploads\/2023\/01\/COMUNICADO-U.A.-13-01-2023-Gal.pdf\" target=\"_blank\" rel=\"noopener\">COMUNICADO DA UNIDADE DE ACCION PENSIONISTA DO 13-01-2023<\/a><\/p>\n<p>&nbsp;<\/p>\n","protected":false},"excerpt":{"rendered":"<p>O 13 de xaneiro de 2023 as organizaci\u00f3ns de pensionistas inclu\u00eddas na \u201cUnidade de Acci\u00f3n\u201d publicamos o Documento que achegamos[&#8230;]<\/p>\n","protected":false},"author":3,"featured_media":2552,"comment_status":"closed","ping_status":"open","sticky":false,"template":"","format":"standard","meta":{"footnotes":""},"categories":[28,33],"tags":[],"class_list":["post-2551","post","type-post","status-publish","format-standard","has-post-thumbnail","hentry","category-movilizacions","category-novas-destacadas"],"_links":{"self":[{"href":"https:\/\/www.modepen.org\/index.php\/wp-json\/wp\/v2\/posts\/2551","targetHints":{"allow":["GET"]}}],"collection":[{"href":"https:\/\/www.modepen.org\/index.php\/wp-json\/wp\/v2\/posts"}],"about":[{"href":"https:\/\/www.modepen.org\/index.php\/wp-json\/wp\/v2\/types\/post"}],"author":[{"embeddable":true,"href":"https:\/\/www.modepen.org\/index.php\/wp-json\/wp\/v2\/users\/3"}],"replies":[{"embeddable":true,"href":"https:\/\/www.modepen.org\/index.php\/wp-json\/wp\/v2\/comments?post=2551"}],"version-history":[{"count":1,"href":"https:\/\/www.modepen.org\/index.php\/wp-json\/wp\/v2\/posts\/2551\/revisions"}],"predecessor-version":[{"id":2553,"href":"https:\/\/www.modepen.org\/index.php\/wp-json\/wp\/v2\/posts\/2551\/revisions\/2553"}],"wp:featuredmedia":[{"embeddable":true,"href":"https:\/\/www.modepen.org\/index.php\/wp-json\/wp\/v2\/media\/2552"}],"wp:attachment":[{"href":"https:\/\/www.modepen.org\/index.php\/wp-json\/wp\/v2\/media?parent=2551"}],"wp:term":[{"taxonomy":"category","embeddable":true,"href":"https:\/\/www.modepen.org\/index.php\/wp-json\/wp\/v2\/categories?post=2551"},{"taxonomy":"post_tag","embeddable":true,"href":"https:\/\/www.modepen.org\/index.php\/wp-json\/wp\/v2\/tags?post=2551"}],"curies":[{"name":"wp","href":"https:\/\/api.w.org\/{rel}","templated":true}]}}