{"id":2558,"date":"2023-01-19T09:51:03","date_gmt":"2023-01-19T08:51:03","guid":{"rendered":"https:\/\/www.modepen.org\/?p=2558"},"modified":"2023-01-19T09:53:10","modified_gmt":"2023-01-19T08:53:10","slug":"modepen-solidarizase-coa-loita-en-defensa-de-pensions-dignas-en-francia","status":"publish","type":"post","link":"https:\/\/www.modepen.org\/index.php\/2023\/01\/19\/modepen-solidarizase-coa-loita-en-defensa-de-pensions-dignas-en-francia\/","title":{"rendered":"Modepen solidar\u00edzase coa loita en defensa de pensi\u00f3ns dignas en Francia"},"content":{"rendered":"<p style=\"text-align: left;\" align=\"left\"><span lang=\"gl-ES\">O Movemento Galego en Defensa das Pensi\u00f3ns e os Servizos P\u00fablicos (MODEPEN), as\u00ed como a totalidade das organizaci\u00f3ns que fan parte da Unidade de Acci\u00f3n a nivel estatal, solidar\u00edzase coa manifestaci\u00f3n convocada en Par\u00eds para o 21 de xaneiro de 2023, proposta nun primeiro momento por 10 organizaci\u00f3ns xuven\u00eds e apoiada despois por multitude de organizaci\u00f3ns sociais (como os coletes amarelos), partidos pol\u00edticos (como a Franza Insumisa) e a totalidade do mundo sindical nun exemplo de unidade contra a ofensiva neoliberal e contra a precarizaci\u00f3n das pensi\u00f3ns p\u00fablicas e a s\u00faa privatizaci\u00f3n.<\/span><\/p>\n<p>En concreto Modepen convoca unha concentraci\u00f3n o d\u00eda 20 de xaneiro, venres, \u00e1s 12:30 horas, na Praza Roxa de Santiago de Compostela, que rematar\u00e1 diante do Consulado Franc\u00e9s para entregar un comunicado de apoio \u00e1 loita contra as medidas do goberno franc\u00e9s, no fondo semellantes \u00e1s que se pretenden aplicar aqu\u00ed.<\/p>\n<p>Porque esas medidas (os incrementos da idade de xubilaci\u00f3n e do tempo m\u00ednimo de cotizaci\u00f3n para ter dereito \u00e1 pensi\u00f3n m\u00e1xima) forman parte dunha mesma ofensiva global neoliberal que, coa desculpa dunha suposta insostibilidade dos sistemas p\u00fablicos de pensi\u00f3ns de reparto, da crise econ\u00f3mica ou da guerra, pretenden recortar os dereitos sociais e laborais. Unha ofensiva neoliberal que est\u00e1 constru\u00edndo, d\u00eda tras d\u00eda, o caldo de cultivo da extrema dereita.<\/p>\n<p>A destacar que a iniciativa de convocar a manifestaci\u00f3n francesa xurdiu dun acordo de varias organizaci\u00f3ns da mocidade que demostraron un gran sentido da realidade ao reco\u00f1ecerse como principais prexudicados pola regresiva reforma das pensi\u00f3ns. Como din no seu comunicado:<\/p>\n<p>\u201cNeste contexto, o Goberno decidiu atacar as nosas pensi\u00f3ns&#8230; Como futuros traballadores e traballadoras, rexeitamos unha reforma que nos far\u00e1 traballar m\u00e1is tempo e dificultar\u00e1 a nosa incorporaci\u00f3n ao mercado laboral&#8230;\u201d<\/p>\n<p>Un comunicado dos movementos xuven\u00eds que remata cun chamamento \u00e1 unidade que facemos noso \u201cdebemos organizar o contraataque estando na r\u00faa e realizando folgas e mobilizaci\u00f3ns masivas para deter a este goberno con todas as forzas que queiran unirse a nosoutros na batalla.\u201d<\/p>\n<p align=\"left\"><a href=\"https:\/\/www.modepen.org\/wp-content\/uploads\/2023\/01\/SolidariedadeCosPensionistasFranceses-Modepen.pdf\" target=\"_blank\" rel=\"noopener\">Comunicado de MODEPEN<\/a><\/p>\n<p align=\"left\"><a href=\"https:\/\/www.modepen.org\/wp-content\/uploads\/2023\/01\/SolidariedadeCosPensionistasFranceses-UA.pdf\" target=\"_blank\" rel=\"noopener\">Nota de Prensa da Unidade de Acci\u00f3n Pensionista.<\/a><\/p>\n<p align=\"left\"><a href=\"https:\/\/www.modepen.org\/wp-content\/uploads\/2023\/01\/CHAMAMENTO-DA-MOCIDADE.pdf\" target=\"_blank\" rel=\"noopener\">Comunicado da Mocidade Francesa (Orixinal e traducido).<\/a><\/p>\n","protected":false},"excerpt":{"rendered":"<p>O Movemento Galego en Defensa das Pensi\u00f3ns e os Servizos P\u00fablicos (MODEPEN), as\u00ed como a totalidade das organizaci\u00f3ns que fan[&#8230;]<\/p>\n","protected":false},"author":3,"featured_media":2561,"comment_status":"closed","ping_status":"open","sticky":false,"template":"","format":"standard","meta":{"footnotes":""},"categories":[28,33],"tags":[],"class_list":["post-2558","post","type-post","status-publish","format-standard","has-post-thumbnail","hentry","category-movilizacions","category-novas-destacadas"],"_links":{"self":[{"href":"https:\/\/www.modepen.org\/index.php\/wp-json\/wp\/v2\/posts\/2558","targetHints":{"allow":["GET"]}}],"collection":[{"href":"https:\/\/www.modepen.org\/index.php\/wp-json\/wp\/v2\/posts"}],"about":[{"href":"https:\/\/www.modepen.org\/index.php\/wp-json\/wp\/v2\/types\/post"}],"author":[{"embeddable":true,"href":"https:\/\/www.modepen.org\/index.php\/wp-json\/wp\/v2\/users\/3"}],"replies":[{"embeddable":true,"href":"https:\/\/www.modepen.org\/index.php\/wp-json\/wp\/v2\/comments?post=2558"}],"version-history":[{"count":3,"href":"https:\/\/www.modepen.org\/index.php\/wp-json\/wp\/v2\/posts\/2558\/revisions"}],"predecessor-version":[{"id":2562,"href":"https:\/\/www.modepen.org\/index.php\/wp-json\/wp\/v2\/posts\/2558\/revisions\/2562"}],"wp:featuredmedia":[{"embeddable":true,"href":"https:\/\/www.modepen.org\/index.php\/wp-json\/wp\/v2\/media\/2561"}],"wp:attachment":[{"href":"https:\/\/www.modepen.org\/index.php\/wp-json\/wp\/v2\/media?parent=2558"}],"wp:term":[{"taxonomy":"category","embeddable":true,"href":"https:\/\/www.modepen.org\/index.php\/wp-json\/wp\/v2\/categories?post=2558"},{"taxonomy":"post_tag","embeddable":true,"href":"https:\/\/www.modepen.org\/index.php\/wp-json\/wp\/v2\/tags?post=2558"}],"curies":[{"name":"wp","href":"https:\/\/api.w.org\/{rel}","templated":true}]}}