{"id":2657,"date":"2023-04-06T22:54:24","date_gmt":"2023-04-06T20:54:24","guid":{"rendered":"https:\/\/www.modepen.org\/?p=2657"},"modified":"2023-04-06T22:54:24","modified_gmt":"2023-04-06T20:54:24","slug":"valoracions-diante-do-fin-do-ciclo-da-reforma-das-pensions-esta-non-e-a-reforma-de-pensions-que-necesitamos","status":"publish","type":"post","link":"https:\/\/www.modepen.org\/index.php\/2023\/04\/06\/valoracions-diante-do-fin-do-ciclo-da-reforma-das-pensions-esta-non-e-a-reforma-de-pensions-que-necesitamos\/","title":{"rendered":"Valoraci\u00f3ns diante do fin do ciclo da Reforma das pensi\u00f3ns: ESTA NON \u00c9 A REFORMA DE PENSI\u00d3NS QUE NECESITAMOS."},"content":{"rendered":"<p align=\"justify\"><span lang=\"gl-ES\">O pasado 17 de marzo publicouse no BOE o \u201cReal <\/span><span lang=\"gl-ES\">d<\/span><span lang=\"gl-ES\">ecreto-lei 2\/2023, do 16 de marzo, Sobre o n\u00famero de anos para c\u00e1lculo da base reguladora das pensi\u00f3ns\u201d. Con esta cuarta lei remata o actual ciclo de reformas do sistema d<\/span><span lang=\"gl-ES\">e pensi\u00f3ns<\/span><span lang=\"gl-ES\">.<\/span><\/p>\n<p align=\"justify\">Estas catro leis (brevemente Lei 21\/2021, Lei 12\/2022, Rd-lei 13\/2022 e o mencionado Rd-lei 2\/2023) son, por tanto, o resultado do pulso mantido durante estes anos entre o movemento pensionista de Galiza e do resto do Estado contra o intento de actualizar e afondar na privatizaci\u00f3n do sistema de pensi\u00f3ns p\u00fablicas.<\/p>\n<p align=\"justify\"><span lang=\"gl-ES\"><br \/>\nUnha privatizaci\u00f3n que, ante a ineficacia dos obsoletos plans individuais <\/span><span lang=\"gl-ES\">de pensi\u00f3ns<\/span><span lang=\"gl-ES\">, necesitaba <\/span><span lang=\"gl-ES\">crear un novo<\/span> <span lang=\"gl-ES\">marco<\/span><span lang=\"gl-ES\"> privatizador (Lei 12\/2022 do 13 de xu\u00f1o sobre os Plans de pensi\u00f3ns de emprego) que permit<\/span><span lang=\"gl-ES\">ir\u00e1<\/span><span lang=\"gl-ES\"> desviar fondos p\u00fablicos para alimentar fondos privados de capitalizaci\u00f3n, que crear\u00e1n desigualdade e inestabilidade financeira.<\/span><\/p>\n<p align=\"justify\"><span lang=\"gl-ES\"><br \/>\nUnha privatizaci\u00f3n que, para que sexa mellor asumida, necesita dunha desvalorizaci\u00f3n das pensi\u00f3ns p\u00fablicas (incrementos por debaixo do IPC, mantemento da brecha de x\u00e9nero, incremento do c\u00e1lculo da base de cotizaci\u00f3n, etc) e da creaci\u00f3n dun \u201crelato\u201d (do tipo \u201cnon hai cartos abondos para un gasto crecente\u201d ou \u201c<\/span><span lang=\"gl-ES\">a<\/span><span lang=\"gl-ES\"> seguridade social xa ten un d\u00e9ficit excesivo\u201d&#8230;) que nos <\/span><span lang=\"gl-ES\">convenza d<\/span><span lang=\"gl-ES\">a inevitablidade desa privatizaci\u00f3n. Como vemos nada novo, \u00e9 o mesmo esquema que se repite nos intentos de privatizaci\u00f3n da Sanidade ou da Educaci\u00f3n p\u00fablica<\/span><span lang=\"gl-ES\">s,<\/span><span lang=\"gl-ES\"> por p\u00f3r dous exemplos ben co\u00f1ecidos.<\/span><\/p>\n<p align=\"justify\"><span lang=\"gl-ES\"><br \/>\nNesta longa confrontaci\u00f3n <\/span><span lang=\"gl-ES\">sufrimos derrotas pero<\/span> <span lang=\"gl-ES\">tam\u00e9n<\/span><span lang=\"gl-ES\"> demostramos a nosa forza conseguindo <\/span><span lang=\"gl-ES\">algunhas <\/span><span lang=\"gl-ES\">vitorias certas, que obrigaron \u00e1s forzas privatizadoras a <\/span><span lang=\"gl-ES\">recuar nalgunhas<\/span><span lang=\"gl-ES\"> das s\u00faas pretensi\u00f3ns, revertendo en parte a desvalorizaci\u00f3n das pensi\u00f3ns p\u00fablicas (aumento do 8,5% en xeral e do 15% para as m\u00ednimas e as non contributivas&#8230;), ou conseguindo cambiar, <\/span><span lang=\"gl-ES\">tam\u00e9n<\/span><span lang=\"gl-ES\"> en parte, o \u201crelato\u201d, con consecuencias positivas, como deixar de falar s\u00f3 dos gastos e empezar a falar (e non s\u00f3 falar, claro) dos ingresos (cotizaci\u00f3n adicional de solidariedade, mecanismo de equidade interxeracional e incremento da base m\u00e1xima de cotizaci\u00f3n) ou a lei para realizar a auditor\u00eda das contas da Seguridade Social (cami\u00f1o de clarificar iso do \u201cd\u00e9ficit\u201d do sistema).<\/span><\/p>\n<p align=\"justify\"><span lang=\"gl-ES\"><br \/>\nEstamos as\u00ed nun momento en que debemos de realizar un balance polo mi\u00fado <\/span><span lang=\"gl-ES\">para valorar<\/span><span lang=\"gl-ES\"> as nosas vitorias e as nosas derrotas, <\/span><span lang=\"gl-ES\">que nos permita definir <\/span><span lang=\"gl-ES\">cales han de ser <\/span><span lang=\"gl-ES\">os nosos obxectivos<\/span> <span lang=\"gl-ES\">a partir de agora<\/span><span lang=\"gl-ES\">. <\/span><\/p>\n<p align=\"justify\"><span lang=\"gl-ES\"><br \/>\n<\/span><span lang=\"gl-ES\">Conscientes deste fin de ciclo,<\/span><span lang=\"gl-ES\"> o movemento pensionista, tanto a nivel Estatal como Modepen en Galicia, temos reflexionado e emitido senllos comunicados, que reproducimos a continuaci\u00f3n:<\/span><\/p>\n<p align=\"justify\"><a href=\"https:\/\/www.modepen.org\/wp-content\/uploads\/2023\/04\/Valoracion-para-MODEPEN-5-4-2023.pdf\" target=\"_blank\" rel=\"noopener\">Valoracion de MODEPEN do Real Decreto-lei 2\/2023, do 16 de marzo, de medidas urxentes para a ampliaci\u00f3n de dereitos dos pensionistas, a reduci\u00f3n da fenda de x\u00e9nero e o establecemento dun novo marco de sustentabilidade do sistema p\u00fablico de pensi\u00f3ns.<\/a><\/p>\n<p align=\"justify\"><a href=\"https:\/\/www.modepen.org\/wp-content\/uploads\/2023\/04\/Declaracion-Unidade-Accion-Galego.pdf\" target=\"_blank\" rel=\"noopener\">Valoracion da Unidade de Accion dos Pensionistas do Estado: ESTA NON \u00c9 A REFORMA DE PENSI\u00d3NS QUE NECESITAMOS.<\/a><\/p>\n<p align=\"justify\"><a href=\"https:\/\/www.modepen.org\/wp-content\/uploads\/2023\/04\/R.D-Lei-BOE-A-2023-6967-Reforma-pensions.pdf\" target=\"_blank\" rel=\"noopener\">Texto do Real Decreto-lei 2\/2023, do 16 de marzo.<\/a><\/p>\n","protected":false},"excerpt":{"rendered":"<p>O pasado 17 de marzo publicouse no BOE o \u201cReal decreto-lei 2\/2023, do 16 de marzo, Sobre o n\u00famero de[&#8230;]<\/p>\n","protected":false},"author":3,"featured_media":2663,"comment_status":"closed","ping_status":"open","sticky":false,"template":"","format":"standard","meta":{"footnotes":""},"categories":[33,30],"tags":[],"class_list":["post-2657","post","type-post","status-publish","format-standard","has-post-thumbnail","hentry","category-novas-destacadas","category-pensions"],"_links":{"self":[{"href":"https:\/\/www.modepen.org\/index.php\/wp-json\/wp\/v2\/posts\/2657","targetHints":{"allow":["GET"]}}],"collection":[{"href":"https:\/\/www.modepen.org\/index.php\/wp-json\/wp\/v2\/posts"}],"about":[{"href":"https:\/\/www.modepen.org\/index.php\/wp-json\/wp\/v2\/types\/post"}],"author":[{"embeddable":true,"href":"https:\/\/www.modepen.org\/index.php\/wp-json\/wp\/v2\/users\/3"}],"replies":[{"embeddable":true,"href":"https:\/\/www.modepen.org\/index.php\/wp-json\/wp\/v2\/comments?post=2657"}],"version-history":[{"count":2,"href":"https:\/\/www.modepen.org\/index.php\/wp-json\/wp\/v2\/posts\/2657\/revisions"}],"predecessor-version":[{"id":2664,"href":"https:\/\/www.modepen.org\/index.php\/wp-json\/wp\/v2\/posts\/2657\/revisions\/2664"}],"wp:featuredmedia":[{"embeddable":true,"href":"https:\/\/www.modepen.org\/index.php\/wp-json\/wp\/v2\/media\/2663"}],"wp:attachment":[{"href":"https:\/\/www.modepen.org\/index.php\/wp-json\/wp\/v2\/media?parent=2657"}],"wp:term":[{"taxonomy":"category","embeddable":true,"href":"https:\/\/www.modepen.org\/index.php\/wp-json\/wp\/v2\/categories?post=2657"},{"taxonomy":"post_tag","embeddable":true,"href":"https:\/\/www.modepen.org\/index.php\/wp-json\/wp\/v2\/tags?post=2657"}],"curies":[{"name":"wp","href":"https:\/\/api.w.org\/{rel}","templated":true}]}}