{"id":2678,"date":"2023-05-24T12:31:03","date_gmt":"2023-05-24T10:31:03","guid":{"rendered":"https:\/\/www.modepen.org\/?p=2678"},"modified":"2023-05-24T12:31:03","modified_gmt":"2023-05-24T10:31:03","slug":"nota-de-prensa-anunciando-as-mobilizacions-do-25-de-maio-das-plataformas-estatais-de-unidade-de-accion","status":"publish","type":"post","link":"https:\/\/www.modepen.org\/index.php\/2023\/05\/24\/nota-de-prensa-anunciando-as-mobilizacions-do-25-de-maio-das-plataformas-estatais-de-unidade-de-accion\/","title":{"rendered":"Nota de prensa anunciando as mobilizaci\u00f3ns do 25 de maio das plataformas estatais de Unidade de Acci\u00f3n."},"content":{"rendered":"<p class=\"western\" align=\"right\"><span style=\"font-family: Liberation Mono, serif;\"><span style=\"font-size: xx-large;\">O 25 DE MAIO, MOBILIZACI\u00d3N PENSIONISTA<\/span><\/span><\/p>\n<p class=\"western\" align=\"center\"><span style=\"font-family: Liberation Mono, serif;\"><span style=\"font-size: xx-large;\">PENSI\u00d3N M\u00cdNIMA 1080<\/span><\/span><\/p>\n<p class=\"western\" align=\"right\"><span style=\"font-family: Liberation Mono, serif;\"><span style=\"font-size: x-large;\"><span id=\"Marco1\" dir=\"ltr\"><\/span>4\/05\/2023<\/span><\/span><\/p>\n<p class=\"western\" style=\"text-align: left;\" align=\"right\"><span style=\"font-family: Liberation Mono, serif;\"><span style=\"font-size: x-large;\">NOTA DE PRENSA<\/span><\/span><\/p>\n<p class=\"western\" align=\"justify\"><span style=\"font-family: Liberation Mono, serif;\"><span style=\"font-size: large;\">Os movementos e organizaci\u00f3ns de pensionistas de diferentes Pobos e Comunidades do Estado abaixo asinantes, <\/span><\/span><span style=\"font-family: Liberation Mono, serif;\"><span style=\"font-size: large;\"><b>coincidimos en impulsar diferentes mobilizaci\u00f3ns nos diferentes Pobos e cidades do Estado o d\u00eda 25 de Maio.<\/b><\/span><\/span><span style=\"font-family: Liberation Mono, serif;\"><span style=\"font-size: large;\"> Daremos puntual informaci\u00f3n de cada unha delas nos diferentes territorios. :<\/span><\/span><\/p>\n<p class=\"western\" align=\"justify\"><span style=\"font-family: Liberation Mono, serif;\"><span style=\"font-size: large;\">Tal como indicamos na carta enviada este mes aos partidos pol\u00edticos con representaci\u00f3n no Congreso, <\/span><\/span><span style=\"font-family: Liberation Mono, serif;\"><span style=\"font-size: large;\"><b>o recentemente aprobado RDL 2\/2023 non \u00e9 a reforma que vimos reclamando nas r\u00faas desde fai mais de 5 anos.<\/b><\/span><\/span><\/p>\n<p class=\"western\" align=\"justify\"><span style=\"font-family: Liberation Mono, serif;\"><span style=\"font-size: large;\">1. A\u00ednda que o RDL incorpora certas melloras, consideramos con todo que <\/span><\/span><span style=\"font-family: Liberation Mono, serif;\"><span style=\"font-size: large;\"><b>\u00e9 parte dun proceso de reformas que est\u00e1 a recortar pensi\u00f3ns e dereitos das persoas pensionistas.<\/b><\/span><\/span><span style=\"font-family: Liberation Mono, serif;\"><span style=\"font-size: large;\"> Reformas que como a do 2011 deber\u00edan ser derrogadas e que neste RDL perpet\u00faanse.Os recortes nas pensi\u00f3ns que a\u00ednda non se completaron procedentes desa reforma, como o aumento da idade de xubilaci\u00f3n de 65 a 67 anos ou o incremento de anos cotizados para acceder ao 100% da pensi\u00f3n, s\u00e9guense aplicando, e ratif\u00edcanse outros recortes como o incremento dos anos de cotizaci\u00f3n necesarios para o c\u00e1lculo da pensi\u00f3n de 15 a 25 anos, que con este RDL aum\u00e9ntanse a 29. <\/span><\/span><span style=\"font-family: Liberation Mono, serif;\"><span style=\"font-size: large;\"><b>Non se pode dicir, por tanto, que este RDL non ten recortes. S\u00e9guense recortando as pensi\u00f3ns p\u00fablicas e anulando dereitos das e os traballadores e das persoas pensionistas.<\/b><\/span><\/span><\/p>\n<p class=\"western\" align=\"justify\"><span style=\"font-family: Liberation Mono, serif;\"><span style=\"font-size: large;\">2. Someter, tal como aparece no mencionado RDL, as decisi\u00f3ns futuras respecto a o financiamento e prestaci\u00f3ns do SPP aos criterios do Informe de envellecemento publicado pola Comisi\u00f3n Europea, a AiReF e o Pacto de Toledo <\/span><\/span><span style=\"font-family: Liberation Mono, serif;\"><span style=\"font-size: large;\"><b>deixa a porta aberta a novos recortes das pensi\u00f3ns.<\/b><\/span><\/span><\/p>\n<p class=\"western\" align=\"justify\"><span style=\"font-family: Liberation Mono, serif;\"><span style=\"font-size: large;\">3. Por todo iso, <\/span><\/span><span style=\"font-family: Liberation Mono, serif;\"><span style=\"font-size: large;\"><b>instamos os grupos pol\u00edticos do Congreso para utilizar a tramitaci\u00f3n parlamentaria do RDL 2\/2023<\/b><\/span><\/span><span style=\"font-family: Liberation Mono, serif;\"><span style=\"font-size: large;\"> para que as nosas reclamaci\u00f3ns m\u00e1is urxentes <\/span><\/span><span style=\"font-family: Liberation Mono, serif;\"><span style=\"font-size: large;\"><b>sexan atendidas e para establecer de inmediato, en 2023 e con efectos retroactivos a xaneiro a pensi\u00f3n m\u00ednima da persoa pensionista en 1080 \u20ac en catorce pagas.<\/b><\/span><\/span><span style=\"font-family: Liberation Mono, serif;\"><span style=\"font-size: large;\"> \u00c9 imprescindible asegurar que os orzamentos do estado cubrir\u00e1n os posibles d\u00e9ficits do SPP.Demandamos que no tr\u00e1mite parlamentario en curso gar\u00e1ntase:<\/span><\/span><\/p>\n<p class=\"western\" align=\"justify\"><span style=\"font-family: Liberation Mono, serif;\"><span style=\"font-size: large;\"> A realizaci\u00f3n inmediata da <\/span><\/span><span style=\"font-family: Liberation Mono, serif;\"><span style=\"font-size: large;\"><b>auditor\u00eda das contas da Seguridade Social.<\/b><\/span><\/span><\/p>\n<p class=\"western\" align=\"justify\"><span style=\"font-family: Liberation Mono, serif;\"><span style=\"font-size: large;\"> Incrementar a pensi\u00f3n m\u00ednima ata alcanzar os criterios de suficiencia da Carta Social Europea. <\/span><\/span><span style=\"font-family: Liberation Mono, serif;\"><span style=\"font-size: large;\"><b>Nese cami\u00f1o, reclamamos 1080 \u20ac para 2023.<\/b><\/span><\/span><\/p>\n<p class=\"western\" align=\"justify\"><span style=\"font-family: Liberation Mono, serif;\"><span style=\"font-size: large;\"> Derrogar os recortes das reformas de pensi\u00f3ns inclu\u00edda a de 2011 (Recuperar cando menos <\/span><\/span><span style=\"font-family: Liberation Mono, serif;\"><span style=\"font-size: large;\"><b>a xubilaci\u00f3n aos 65 anos, 15 anos para o per\u00edodo de c\u00e1lculo da pensi\u00f3n\u2026).<\/b><\/span><\/span><\/p>\n<p class=\"western\" align=\"justify\"><span style=\"font-family: Liberation Mono, serif;\"><span style=\"font-size: large;\"><b>Recuperar a perda do poder adquisitivo de salarios e pensi\u00f3ns<\/b><\/span><\/span><span style=\"font-family: Liberation Mono, serif;\"><span style=\"font-size: large;\"> e restablecer paraiso <\/span><\/span><span style=\"font-family: Liberation Mono, serif;\"><span style=\"font-size: large;\"><b>a paga compensatoria<\/b><\/span><\/span><span style=\"font-family: Liberation Mono, serif;\"><span style=\"font-size: large;\"> das pensi\u00f3ns.<\/span><\/span><\/p>\n<p class=\"western\" align=\"justify\"><span style=\"font-family: Liberation Mono, serif;\"><span style=\"font-size: large;\"> Medidas efectivas para <\/span><\/span><span style=\"font-family: Liberation Mono, serif;\"><span style=\"font-size: large;\"><b>erradicar a brecha de x\u00e9nero en salarios e pensi\u00f3ns.<\/b><\/span><\/span><\/p>\n<p class=\"western\" align=\"justify\"><span style=\"font-family: Liberation Mono, serif;\"><span style=\"font-size: large;\"><b>Derrogar os coeficientes redutores<\/b><\/span><\/span><span style=\"font-family: Liberation Mono, serif;\"><span style=\"font-size: large;\"> da xubilaci\u00f3n anticipada con 40 anos cotizados.<\/span><\/span><\/p>\n<p class=\"western\" align=\"justify\"><span style=\"font-family: Liberation Mono, serif;\"><span style=\"font-size: large;\"> Garantir as pensi\u00f3ns mediante <\/span><\/span><span style=\"font-family: Liberation Mono, serif;\"><span style=\"font-size: large;\"><b>a creaci\u00f3n de emprego de calidade e salarios dignos<\/b><\/span><\/span><span style=\"font-family: Liberation Mono, serif;\"><span style=\"font-size: large;\">.<\/span><\/span><\/p>\n<p class=\"western\" align=\"justify\"><span style=\"font-family: Liberation Mono, serif;\"><span style=\"font-size: large;\"><b>Impedir o financiamento con di\u00f1eiro p\u00fablico dos plans de pensi\u00f3ns de emprego<\/b><\/span><\/span><span style=\"font-family: Liberation Mono, serif;\"><span style=\"font-size: large;\"> (PPEs) por medio das cotizaci\u00f3ns \u00e1 SS e asegurando que coticen e tributen como rendas de traballo.<\/span><\/span><\/p>\n<p class=\"western\" align=\"center\"><span style=\"font-family: Liberation Mono, serif;\"><span style=\"font-size: x-large;\"><b>GOBERNE QUEN GOBERNE, AS PENSI\u00d3NS DEF\u00c9NDENSE<\/b><\/span><\/span><\/p>\n<p class=\"western\" align=\"center\"><span style=\"font-family: Liberation Mono, serif;\"><span style=\"font-size: x-large;\"><b>A MOBILIZACI\u00d3N \u00c9 A NOSA GARANT\u00cdA<\/b><\/span><\/span><\/p>\n<p class=\"western\" align=\"left\"><span style=\"font-family: Liberation Mono, serif;\"><span style=\"font-size: large;\"><b>ASJUBI40<\/b><\/span><\/span><span style=\"font-family: Liberation Mono, serif;\"><span style=\"font-size: large;\"> (Asociaci\u00f3n Jubilaci\u00f3n Anticipada sin Penalizar),<\/span><\/span><\/p>\n<p class=\"western\" align=\"left\"><span style=\"font-family: Liberation Mono, serif;\"><span style=\"font-size: large;\"><b>COESPE<\/b><\/span><\/span><span style=\"font-family: Liberation Mono, serif;\"><span style=\"font-size: large;\"> (Coordinadora Estatal por la Defensa del Sistema P\u00fablico de Pensiones),<\/span><\/span><\/p>\n<p class=\"western\" align=\"left\"><span style=\"font-family: Liberation Mono, serif;\"><span style=\"font-size: large;\"><b>EHPM<\/b><\/span><\/span><span style=\"font-family: Liberation Mono, serif;\"><span style=\"font-size: large;\"> (Movimiento de Pensionistas de Euskal Herria),<\/span><\/span><\/p>\n<p class=\"western\" align=\"left\"><span style=\"font-family: Liberation Mono, serif;\"><span style=\"font-size: large;\"><b>MODEPEN<\/b><\/span><\/span><span style=\"font-family: Liberation Mono, serif;\"><span style=\"font-size: large;\"> (Movemento Galego en Defensa das Pensi\u00f3ns e os Servizos P\u00fablicos),<\/span><\/span><\/p>\n<p class=\"western\" align=\"left\"><span style=\"font-family: Liberation Mono, serif;\"><span style=\"font-size: large;\"><b>UNIDADE COESPE<\/b><\/span><\/span><span style=\"font-family: Liberation Mono, serif;\"><span style=\"font-size: large;\"> (Coordinadora Estatal de Pensionistas),<\/span><\/span><\/p>\n<p class=\"western\" align=\"left\"><span style=\"font-family: Liberation Mono, serif;\"><span style=\"font-size: large;\"><b>PLATAFORMAS DE PENSIONISTAS<\/b><\/span><\/span><span style=\"font-family: Liberation Mono, serif;\"><span style=\"font-size: large;\"> de Badaxoz, M\u00f3stoles, \u2026<\/span><\/span><\/p>\n","protected":false},"excerpt":{"rendered":"<p>O 25 DE MAIO, MOBILIZACI\u00d3N PENSIONISTA PENSI\u00d3N M\u00cdNIMA 1080 4\/05\/2023 NOTA DE PRENSA Os movementos e organizaci\u00f3ns de pensionistas de[&#8230;]<\/p>\n","protected":false},"author":3,"featured_media":2679,"comment_status":"closed","ping_status":"open","sticky":false,"template":"","format":"standard","meta":{"footnotes":""},"categories":[28,33],"tags":[],"class_list":["post-2678","post","type-post","status-publish","format-standard","has-post-thumbnail","hentry","category-movilizacions","category-novas-destacadas"],"_links":{"self":[{"href":"https:\/\/www.modepen.org\/index.php\/wp-json\/wp\/v2\/posts\/2678","targetHints":{"allow":["GET"]}}],"collection":[{"href":"https:\/\/www.modepen.org\/index.php\/wp-json\/wp\/v2\/posts"}],"about":[{"href":"https:\/\/www.modepen.org\/index.php\/wp-json\/wp\/v2\/types\/post"}],"author":[{"embeddable":true,"href":"https:\/\/www.modepen.org\/index.php\/wp-json\/wp\/v2\/users\/3"}],"replies":[{"embeddable":true,"href":"https:\/\/www.modepen.org\/index.php\/wp-json\/wp\/v2\/comments?post=2678"}],"version-history":[{"count":2,"href":"https:\/\/www.modepen.org\/index.php\/wp-json\/wp\/v2\/posts\/2678\/revisions"}],"predecessor-version":[{"id":2681,"href":"https:\/\/www.modepen.org\/index.php\/wp-json\/wp\/v2\/posts\/2678\/revisions\/2681"}],"wp:featuredmedia":[{"embeddable":true,"href":"https:\/\/www.modepen.org\/index.php\/wp-json\/wp\/v2\/media\/2679"}],"wp:attachment":[{"href":"https:\/\/www.modepen.org\/index.php\/wp-json\/wp\/v2\/media?parent=2678"}],"wp:term":[{"taxonomy":"category","embeddable":true,"href":"https:\/\/www.modepen.org\/index.php\/wp-json\/wp\/v2\/categories?post=2678"},{"taxonomy":"post_tag","embeddable":true,"href":"https:\/\/www.modepen.org\/index.php\/wp-json\/wp\/v2\/tags?post=2678"}],"curies":[{"name":"wp","href":"https:\/\/api.w.org\/{rel}","templated":true}]}}