{"id":2742,"date":"2023-06-30T14:42:35","date_gmt":"2023-06-30T12:42:35","guid":{"rendered":"https:\/\/www.modepen.org\/?p=2742"},"modified":"2023-06-30T14:49:59","modified_gmt":"2023-06-30T12:49:59","slug":"o-movemento-social-en-defensa-das-pensions-publicas-ante-as-eleccions-do-23-de-xullo","status":"publish","type":"post","link":"https:\/\/www.modepen.org\/index.php\/2023\/06\/30\/o-movemento-social-en-defensa-das-pensions-publicas-ante-as-eleccions-do-23-de-xullo\/","title":{"rendered":"O movemento social en defensa das pensi\u00f3ns p\u00fablicas ante as elecci\u00f3ns do 23 de xullo"},"content":{"rendered":"<p align=\"justify\"><img loading=\"lazy\" decoding=\"async\" class=\"aligncenter wp-image-2743 size-full\" src=\"https:\/\/www.modepen.org\/wp-content\/uploads\/2023\/06\/cabeceira-en-lina-01.jpg\" alt=\"\" width=\"829\" height=\"68\" srcset=\"https:\/\/www.modepen.org\/wp-content\/uploads\/2023\/06\/cabeceira-en-lina-01.jpg 829w, https:\/\/www.modepen.org\/wp-content\/uploads\/2023\/06\/cabeceira-en-lina-01-300x25.jpg 300w, https:\/\/www.modepen.org\/wp-content\/uploads\/2023\/06\/cabeceira-en-lina-01-150x12.jpg 150w, https:\/\/www.modepen.org\/wp-content\/uploads\/2023\/06\/cabeceira-en-lina-01-768x63.jpg 768w\" sizes=\"auto, (max-width: 829px) 100vw, 829px\" \/><\/p>\n<p align=\"justify\"><span style=\"color: #000000;\"><span style=\"font-family: Calibri, serif;\"><span style=\"font-size: large;\">En xaneiro de 2018, o goberno de Mariano Rajoy dirixiu unha carta \u00e1s persoas pensionistas na que lles comunicaba que as s\u00faas pensi\u00f3ns subir\u00edan un 0,25%. <\/span><\/span><\/span><\/p>\n<p align=\"justify\"><span style=\"color: #000000;\"><span style=\"font-family: Calibri, serif;\"><span style=\"font-size: large;\">A mobilizaci\u00f3n de milleiros de pensionistas conseguiu, en poucas semanas, que todas as pensi\u00f3ns subisen un 1,6%, e as m\u00ednimas e non contributivas, un 3%. Nac\u00eda un novo e poderoso movemento social que xa non abandonou as r\u00faas e as prazas. <\/span><\/span><\/span><\/p>\n<p align=\"justify\"><span style=\"color: #000000;\"><span style=\"font-family: Calibri, serif;\"><span style=\"font-size: large;\">Nos 5 anos transcorridos a mobilizaci\u00f3n constitu\u00eduse en factor decisivo para conseguir <b>importantes avances <\/b>na defensa do sistema p\u00fablico de pensi\u00f3ns (SPP): <\/span><\/span><\/span><\/p>\n<p align=\"justify\"><span style=\"color: #000000;\"><span style=\"font-family: Calibri, serif;\"><span style=\"font-size: large;\"> 1\u00ba. A suba anual das pensi\u00f3ns segundo o IPC, traducida nun 8,5% en 2023. <\/span><\/span><\/span><\/p>\n<p align=\"justify\"><span style=\"color: #000000;\"><span style=\"font-family: Calibri, serif;\"><span style=\"font-size: large;\"> 2\u00ba. O aumento do 15% das pensi\u00f3ns m\u00ednimas e non contributivas. <\/span><\/span><\/span><\/p>\n<p align=\"justify\"><span style=\"color: #000000;\"><span style=\"font-family: Calibri, serif;\"><span style=\"font-size: large;\"> 3\u00ba. A modificaci\u00f3n do discurso sobre as pensi\u00f3ns. Agora, ac\u00e9ptase que, ao aumentar a porcentaxe de persoas maiores de 65 anos sobre a poboaci\u00f3n total, ser\u00e1 necesario aumentar os ingresos do sistema p\u00fablico de pensi\u00f3ns. <\/span><\/span><\/span><\/p>\n<p align=\"justify\"><span style=\"color: #000000;\"><span style=\"font-family: Calibri, serif;\"><span style=\"font-size: large;\"> 4\u00ba. As pensi\u00f3ns non contributivas, e outras partidas, pagaranse con cargo aos orzamentos xerais do Estado. <\/span><\/span><\/span><\/p>\n<p align=\"justify\"><span style=\"color: #000000;\"><span style=\"font-family: Calibri, serif;\"><span style=\"font-size: large;\">Estes avances non nos fan esquecer as <b>reivindicaci\u00f3ns pendentes<\/b>: <\/span><\/span><\/span><\/p>\n<p align=\"justify\"><span style=\"color: #000000;\"><span style=\"font-family: Calibri, serif;\"><span style=\"font-size: large;\"> 1\u00aa. Garantir que ningunha persoa pensionista perciba menos do SMI, actualmente 1.080\u20ac. <\/span><\/span><\/span><\/p>\n<p align=\"justify\"><span style=\"color: #000000;\"><span style=\"font-family: Calibri, serif;\"><span style=\"font-size: large;\"> 2\u00aa. Derrogar os coeficientes redutores da xubilaci\u00f3n anticipada para as persoas que cotizaron 40 ou m\u00e1is anos. <\/span><\/span><\/span><\/p>\n<p align=\"justify\"><span style=\"color: #000000;\"><span style=\"font-family: Calibri, serif;\"><span style=\"font-size: large;\"> 3\u00aa. Derrogar a Lei de promoci\u00f3n e impulso dos plans de pensi\u00f3ns de emprego para impedir o desv\u00edo de cotizaci\u00f3ns sociais da Seguridade Social aos bancos, fondos de investimento e compa\u00f1\u00edas de seguros. <\/span><\/span><\/span><\/p>\n<p align=\"justify\"><span style=\"color: #000000;\"><span style=\"font-family: Calibri, serif;\"><span style=\"font-size: large;\"> 4\u00aa. A realizaci\u00f3n inmediata da auditor\u00eda das contas da Seguridade Social aprobada no Parlamento espa\u00f1ol, que deber\u00eda estar finalizada en xu\u00f1o de 2022. <\/span><\/span><\/span><\/p>\n<p align=\"justify\"><span style=\"color: #000000;\"><span style=\"font-family: Calibri, serif;\"><span style=\"font-size: large;\"> 5\u00aa. A derrogaci\u00f3n das reformas de 2011 e 2013 e a recuperaci\u00f3n da xubilaci\u00f3n aos 65 anos. <\/span><\/span><\/span><\/p>\n<p align=\"justify\"><span style=\"color: #000000;\"><span style=\"font-family: Calibri, serif;\"><span style=\"font-size: large;\"> 6\u00aa. A oposici\u00f3n a medidas como a mochila austr\u00edaca que volve propor o Partido Popular. <\/span><\/span><\/span><\/p>\n<p align=\"justify\"><span style=\"color: #000000;\"><span style=\"font-family: Calibri, serif;\"><span style=\"font-size: x-large;\"><b>A pos\u00edbel constituci\u00f3n dun goberno da dereita, e a\u00ednda peor coa extrema dereita, abrir\u00eda paso a unha m\u00e1is intensa privatizaci\u00f3n dos servizos p\u00fablicos de sanidade e educaci\u00f3n, maiores incentivos aos plans de pensi\u00f3ns privados e recortes nas pensi\u00f3ns p\u00fablicas<\/b>. <\/span><\/span><\/span><\/p>\n<p align=\"justify\"><span style=\"color: #000000;\"><span style=\"font-family: Calibri, serif;\"><span style=\"font-size: x-large;\">Por iso, <b>o 23 de xullo a mobilizaci\u00f3n electoral debe, por un d\u00eda, tomar o relevo da loita social<\/b>. A partir do d\u00eda 24, retomaremos o noso labor de informaci\u00f3n, organizaci\u00f3n e mobilizaci\u00f3n. <\/span><\/span><\/span><\/p>\n<p align=\"center\"><span style=\"color: #000000;\"><span style=\"font-family: Calibri, serif;\"><span style=\"font-size: x-large;\"><b>Goberne quen goberne, as pensi\u00f3ns p\u00fablicas, def\u00e9ndense!<\/b><\/span><\/span><\/span><\/p>\n<p align=\"center\"><span style=\"font-size: x-large;\">Galiza, 30 de xu\u00f1o de 2023 <\/span><\/p>\n","protected":false},"excerpt":{"rendered":"<p>En xaneiro de 2018, o goberno de Mariano Rajoy dirixiu unha carta \u00e1s persoas pensionistas na que lles comunicaba que[&#8230;]<\/p>\n","protected":false},"author":3,"featured_media":2745,"comment_status":"closed","ping_status":"open","sticky":false,"template":"","format":"standard","meta":{"footnotes":""},"categories":[33,29],"tags":[],"class_list":["post-2742","post","type-post","status-publish","format-standard","has-post-thumbnail","hentry","category-novas-destacadas","category-outras-novas-miscelanea"],"_links":{"self":[{"href":"https:\/\/www.modepen.org\/index.php\/wp-json\/wp\/v2\/posts\/2742","targetHints":{"allow":["GET"]}}],"collection":[{"href":"https:\/\/www.modepen.org\/index.php\/wp-json\/wp\/v2\/posts"}],"about":[{"href":"https:\/\/www.modepen.org\/index.php\/wp-json\/wp\/v2\/types\/post"}],"author":[{"embeddable":true,"href":"https:\/\/www.modepen.org\/index.php\/wp-json\/wp\/v2\/users\/3"}],"replies":[{"embeddable":true,"href":"https:\/\/www.modepen.org\/index.php\/wp-json\/wp\/v2\/comments?post=2742"}],"version-history":[{"count":2,"href":"https:\/\/www.modepen.org\/index.php\/wp-json\/wp\/v2\/posts\/2742\/revisions"}],"predecessor-version":[{"id":2746,"href":"https:\/\/www.modepen.org\/index.php\/wp-json\/wp\/v2\/posts\/2742\/revisions\/2746"}],"wp:featuredmedia":[{"embeddable":true,"href":"https:\/\/www.modepen.org\/index.php\/wp-json\/wp\/v2\/media\/2745"}],"wp:attachment":[{"href":"https:\/\/www.modepen.org\/index.php\/wp-json\/wp\/v2\/media?parent=2742"}],"wp:term":[{"taxonomy":"category","embeddable":true,"href":"https:\/\/www.modepen.org\/index.php\/wp-json\/wp\/v2\/categories?post=2742"},{"taxonomy":"post_tag","embeddable":true,"href":"https:\/\/www.modepen.org\/index.php\/wp-json\/wp\/v2\/tags?post=2742"}],"curies":[{"name":"wp","href":"https:\/\/api.w.org\/{rel}","templated":true}]}}