{"id":2768,"date":"2023-07-18T09:03:10","date_gmt":"2023-07-18T07:03:10","guid":{"rendered":"https:\/\/www.modepen.org\/?p=2768"},"modified":"2023-07-18T09:03:10","modified_gmt":"2023-07-18T07:03:10","slug":"o-23-de-xullo-non-te-quedes-en-casa","status":"publish","type":"post","link":"https:\/\/www.modepen.org\/index.php\/2023\/07\/18\/o-23-de-xullo-non-te-quedes-en-casa\/","title":{"rendered":"\u00a1O 23 de Xullo non te quedes en casa!"},"content":{"rendered":"<p align=\"justify\"><span style=\"font-family: Arial, sans-serif;\"><span style=\"font-size: large;\">Estas elecci\u00f3ns non se parecen a outras. Por veces mesmo parece que estamos m\u00e1is ante un referendum entre un goberno de extrema dereita (VOX en alianza co PP) ou un goberno&#8230; ben, un goberno co que por veces, demasiadas, imos estar en desacordo, pero co que poderemos estar en desacordo. E a bo entendedor&#8230;<\/span><\/span><\/p>\n<p align=\"justify\"><span style=\"font-family: Arial, sans-serif;\"><span style=\"font-size: large;\">Porque sabemos como foron aqueles gobernos do 0,25%, uns gobernos nos que, c\u00f3mpre resaltalo, a\u00ednda non estaba a m\u00e1is extrema dereita.<\/span><\/span><\/p>\n<p align=\"justify\"><span style=\"font-family: Arial, sans-serif;\"><span style=\"font-size: large;\">Aqueles goberno que baleiraron, como ning\u00fan outro fixera antes, a Caixa da Seguridade Social ata chegar a eses 140.000 mill\u00f3ns de euros de d\u00e9beda do Estado de que falou o ministro Escriv\u00e1. Si, un ministro dun goberno que, cando menos, fala da d\u00e9beda do Estado, algo que o PP (con ou sen VOX) non fixo nin, previsiblemente, far\u00e1 nin far\u00e1n, como tampouco falar\u00e1n da devoluci\u00f3n desa d\u00e9beda, da reduci\u00f3n da fenda de x\u00e9nero, de aumentar as pensi\u00f3ns m\u00ednimas, da defensa das pensi\u00f3ns non contributivas, do salario m\u00ednimo ao nivel do salario medio, etc. <\/span><\/span><\/p>\n<p align=\"justify\"><span style=\"font-family: Arial, sans-serif;\"><span style=\"font-size: large;\">Non diso non van nin a falar, pero si falar\u00e1n da privatizaci\u00f3n dos servizos p\u00fablicos de sanidade e educaci\u00f3n, da defensa do mercado da vivenda contra uns supostos okupas e non do dereito de todas as persoas \u00e1 vivenda, de maiores incentivos aos plans de pensi\u00f3ns privados, de recortes nas pensi\u00f3ns p\u00fablicas, de mochilas austr\u00edacas ou de reduci\u00f3n de impostos aos m\u00e1is ricos.<\/span><\/span><\/p>\n<p align=\"justify\"><span style=\"font-family: Arial, sans-serif;\"><span style=\"font-size: large;\">Porque est\u00e1molo vendo, estamos vendo como xestionan o resultado das elecci\u00f3ns municipais e auton\u00f3micas, deixando entrar a Vox nos gobernos e mesmo priorizando o seu programa ultradereitista.<\/span><\/span><\/p>\n<p align=\"justify\"><span style=\"font-family: Arial, sans-serif;\"><span style=\"font-size: large;\">Vemos a s\u00faa campa\u00f1a tan chea de mentiras que d\u00e1 vergo\u00f1a allea. Todos sabemos que o seu candidato (e non s\u00f3 el) foi &#8220;cazado&#8221; en varias. Por po\u00f1er un exemplo dous v\u00eddeos cortos.<\/span><\/span><\/p>\n<p align=\"justify\"><span style=\"font-family: Arial, sans-serif;\"><span style=\"font-size: large;\">Este con Feijoo dicindo &#8220;cousas falsas&#8221; sobre a suba das pensi\u00f3ns, e insistindo cando se lle desminte: <a href=\"https:\/\/twitter.com\/LaHoraTVE\/status\/1680844341382709248\" target=\"_blank\" rel=\"noopener\">https:\/\/twitter.com\/LaHoraTVE\/status\/1680844341382709248.<\/a><br \/>\n<\/span><\/span><\/p>\n<p align=\"justify\"><span style=\"font-family: Arial, sans-serif;\"><span style=\"font-size: large;\">E estoutro, demostrando a mentira:<\/span><\/span> <a href=\"https:\/\/twitter.com\/La_SER\/status\/1680919130151571461\" target=\"_blank\" rel=\"noopener\">https:\/\/twitter.com\/La_SER\/status\/1680919130151571461<\/a><\/p>\n<p align=\"justify\"><span style=\"font-family: Arial, sans-serif;\"><span style=\"font-size: large;\">Unha situaci\u00f3n de tal gravidade que est\u00e1 obrigando a m\u00faltiples organizaci\u00f3ns a definirse claramente por primeira vez diante destas elecci\u00f3ns, deste referendum. A pedir o voto contra un pos\u00edbel goberno que podemos definir realmente como profascista. Facendo chamamentos como os que est\u00e1 a haber no Movemento Pensionista.<\/span><\/span><\/p>\n<p align=\"justify\"><span style=\"font-family: Arial, sans-serif;\"><span style=\"font-size: large;\">Como este noso:<\/span><\/span> <a href=\"https:\/\/www.modepen.org\/index.php\/2023\/06\/30\/o-movemento-social-en-defensa-das-pensions-publicas-ante-as-eleccions-do-23-de-xullo\/\" target=\"_blank\" rel=\"noopener\">https:\/\/www.modepen.org\/index.php\/2023\/06\/30\/o-movemento-social-en-defensa-das-pensions-publicas-ante-as-eleccions-do-23-de-xullo\/<\/a><\/p>\n<p align=\"justify\"><span style=\"font-family: Arial, sans-serif;\"><span style=\"font-size: large;\">Ou como estoutro de Coespe: <a href=\"https:\/\/www.coespeweb.com\/Documentos\/Comunicados\/230_COESPE_ante_23J-2023.pdf\" target=\"_blank\" rel=\"noopener\">https:\/\/www.coespeweb.com\/Documentos\/Comunicados\/230_COESPE_ante_23J-2023.pdf<\/a><\/span><\/span><\/p>\n<p align=\"justify\"><span style=\"font-family: Arial, sans-serif;\"><span style=\"font-size: large;\">Ou este do movemento de pensionistas de Euskal Herria: <\/span><\/span><a href=\"https:\/\/www.angulaberria.info\/es\/noticia\/2023-15-07\/movimiento-pensionistas-euskal-herria-ante-convocatoria-elecciones-generales-23\" target=\"_blank\" rel=\"noopener\">https:\/\/www.angulaberria.info\/es\/noticia\/2023-15-07\/movimiento-pensionistas-euskal-herria-ante-convocatoria-elecciones-generales-23<\/a><\/p>\n<p align=\"justify\"><span style=\"font-family: Arial, sans-serif;\"><span style=\"font-size: medium;\">Ou este do Movemento andaluz en defensa das pensi\u00f3ns p\u00fablicas:<\/span><\/span> <a href=\"https:\/\/www.facebook.com\/MOANDPP\/videos\/300677112532316\/\" target=\"_blank\" rel=\"noopener\">https:\/\/www.facebook.com\/MOANDPP\/videos\/300677112532316\/ <\/a><\/p>\n<p align=\"justify\"><span style=\"font-family: Arial, sans-serif;\"><span style=\"font-size: large;\">Diferentes formatos, diferentes argumentaci\u00f3ns, mesmo chamamento:<\/span><\/span><\/p>\n<p align=\"justify\"><span style=\"font-family: Arial, sans-serif;\"><span style=\"font-size: large;\">\u00a1\u00a1\u00a1\u00a1Nin un voto, nin por acci\u00f3n nin por omisi\u00f3n, \u00e1 dereita nin \u00e1 extrema dereita!!!!<\/span><\/span><\/p>\n<p>&nbsp;<\/p>\n<p align=\"justify\">\n","protected":false},"excerpt":{"rendered":"<p>Estas elecci\u00f3ns non se parecen a outras. Por veces mesmo parece que estamos m\u00e1is ante un referendum entre un goberno[&#8230;]<\/p>\n","protected":false},"author":3,"featured_media":2745,"comment_status":"closed","ping_status":"open","sticky":false,"template":"","format":"standard","meta":{"footnotes":""},"categories":[33],"tags":[],"class_list":["post-2768","post","type-post","status-publish","format-standard","has-post-thumbnail","hentry","category-novas-destacadas"],"_links":{"self":[{"href":"https:\/\/www.modepen.org\/index.php\/wp-json\/wp\/v2\/posts\/2768","targetHints":{"allow":["GET"]}}],"collection":[{"href":"https:\/\/www.modepen.org\/index.php\/wp-json\/wp\/v2\/posts"}],"about":[{"href":"https:\/\/www.modepen.org\/index.php\/wp-json\/wp\/v2\/types\/post"}],"author":[{"embeddable":true,"href":"https:\/\/www.modepen.org\/index.php\/wp-json\/wp\/v2\/users\/3"}],"replies":[{"embeddable":true,"href":"https:\/\/www.modepen.org\/index.php\/wp-json\/wp\/v2\/comments?post=2768"}],"version-history":[{"count":2,"href":"https:\/\/www.modepen.org\/index.php\/wp-json\/wp\/v2\/posts\/2768\/revisions"}],"predecessor-version":[{"id":2770,"href":"https:\/\/www.modepen.org\/index.php\/wp-json\/wp\/v2\/posts\/2768\/revisions\/2770"}],"wp:featuredmedia":[{"embeddable":true,"href":"https:\/\/www.modepen.org\/index.php\/wp-json\/wp\/v2\/media\/2745"}],"wp:attachment":[{"href":"https:\/\/www.modepen.org\/index.php\/wp-json\/wp\/v2\/media?parent=2768"}],"wp:term":[{"taxonomy":"category","embeddable":true,"href":"https:\/\/www.modepen.org\/index.php\/wp-json\/wp\/v2\/categories?post=2768"},{"taxonomy":"post_tag","embeddable":true,"href":"https:\/\/www.modepen.org\/index.php\/wp-json\/wp\/v2\/tags?post=2768"}],"curies":[{"name":"wp","href":"https:\/\/api.w.org\/{rel}","templated":true}]}}