{"id":2781,"date":"2023-08-09T12:41:44","date_gmt":"2023-08-09T10:41:44","guid":{"rendered":"https:\/\/www.modepen.org\/?p=2781"},"modified":"2023-08-09T12:41:44","modified_gmt":"2023-08-09T10:41:44","slug":"ala-vai-o-23-de-xullo","status":"publish","type":"post","link":"https:\/\/www.modepen.org\/index.php\/2023\/08\/09\/ala-vai-o-23-de-xullo\/","title":{"rendered":"Al\u00e1 vai o 23 de Xullo!"},"content":{"rendered":"<p align=\"justify\">Al\u00e1 vai o 23 de xullo! Xa pasou o d\u00eda e contivemos ao peor dos pesadelos. Polos pelos mais non pasaron, salv\u00e1monos a n\u00f3s mesmos co noso voto.<\/p>\n<p align=\"justify\">Porque non era broma. Un toureiro de Conseller de Cultura, a censura en forma de PIN parental na educaci\u00f3n, as linguas propias prohibidas, a violencia de x\u00e9nero virada en violencia &#8220;familiar&#8221;. Son exemplos soltos, hai m\u00e1is. Como o af\u00e1n privatizador neoliberal, un af\u00e1n que nos afecta directamente como pensionistas. Un af\u00e1n que perseguen, tam\u00e9n, sen pudor ning\u00fan.<\/p>\n<p align=\"justify\">Porque \u00e9 carecer totalmente de vergo\u00f1a facer nomeamentos como os de Extremadura (1): &#8220;Raposos&#8221; a coidar das &#8220;gali\u00f1as&#8221;.<\/p>\n<p align=\"justify\">Porque non outra cousa \u00e9 o nomeamento como respons\u00e1bel do &#8220;Servicio Extreme\u00f1o de Salud (SES)&#8221; dunha unha persoa (Jes\u00fas Viles Piris) que ten desenvolvido a s\u00faa carreira profesional nos \u00faltimos 20 anos no sector dos seguros privados de sa\u00fade (Director m\u00e9dico de SegurCaixa Adeslas na \u00e1rea de C\u00e1ceres e asesor m\u00e9dico de Adelante Salud, ademais de Cordinador do servizo de urxencias da Cl\u00ednica Quir\u00fargica Cacere\u00f1a e m\u00e9dico da Mutualidad General Judicial (Mugeju)).<\/p>\n<p align=\"justify\">Ou o nomeamento como respons\u00e1bel do &#8220;Servicio Extreme\u00f1o de Promoci\u00f3n de la Autonom\u00eda Personal y Atenci\u00f3n a la Dependencia (SEPAD)&#8221;, que xestiona as Residencias p\u00fablicas de maiores, Centros de d\u00eda e Centros residencias da ata agora directora da residencia DomusVi de Badajoz (Estrella \u00c1ngeles Mart\u00ednez Lavado). Unha rede de residencias privadas, Domus Vi, que n\u00f3s co\u00f1ecemos ben.<\/p>\n<p align=\"justify\">Eles van ser os respons\u00e1beis da defensa e potenciaci\u00f3n da Sanidade e das Residencias P\u00fablicas na Extremadura. A bon entendedor&#8230;<\/p>\n<p align=\"justify\">E como puideron sortear a investigaci\u00f3n sobre as incompatibilidades ou intereses que dificultaran o nomeamento? houbo algunha investigaci\u00f3n, alg\u00fan debate aclaratorio?&#8230; Pois non, porque antes do nomeamento a Junta de Extremadura (PP e VOX) tivo tempo de eliminar a obriga dos altos cargos de comparecer na Asamblea para analizar esas pos\u00edbeis incompatibilidades e intereses. R\u00e1pidos no seu si son estes acaparadores, abof\u00e9!<\/p>\n<p align=\"justify\">M\u00e1is esta constataci\u00f3n de que a nivel de Estado non pasoou o peor, non nos leva a esquecer que o malo segue a\u00ed, que o af\u00e1n privatizador non est\u00e1 s\u00f3 na extrema dereita, que ese v\u00e9n ser o seu plan &#8220;A&#8221;, o que mellor lles ir\u00eda, privatizar todo sen maiores tr\u00e1mites, pero mentres a opci\u00f3n PP-VOX non se consolide van seguindo co seu plan &#8220;B&#8221;, paseni\u00f1o pero seguro. Por exemplo coa privatizaci\u00f3n das pensi\u00f3ns.<\/p>\n<p align=\"justify\">Porque mentres miramos para o toureiro, o PIN, a censura, a &#8220;violencia de familia&#8221;&#8230; aproveitan para avanzar coa privatizaci\u00f3n das pensi\u00f3ns. Coa constituci\u00f3n, o 4 de xullo, do plan de pensi\u00f3ns da Construci\u00f3n (2) ou coa adxudicaci\u00f3n, como lemos neste enlace (3) do contrato de xesti\u00f3n destes fondos p\u00fablicos de pensi\u00f3ns a VidaCaixa (CaixaBank), Xesti\u00f3n de Previsi\u00f3n e Pensi\u00f3ns (BBVA), Caser Pensi\u00f3ns, Santander Pensi\u00f3ns e Ibercaja Pensi\u00f3n, segundo a documentaci\u00f3n remitida ao Portal de Contrataci\u00f3n do Estado espa\u00f1ol. O 21 de xullo, dous d\u00edas antes do 23-X.<\/p>\n<p align=\"justify\">Unha adxudicaci\u00f3n que demostra a decisi\u00f3n de implantar estes plans privatizadores neste mesmo exercicio como xa se denuncia, por exemplo, nesta an\u00e1lise (4)<\/p>\n<p align=\"justify\">Finalmente lembrar este artigo de 4 de marzo deste ano do noso compa\u00f1eiro Xabier P\u00e9rez Davila explicando os Fondos de Pensi\u00f3ns da Lei Escriv\u00e1 (5).<\/p>\n<p><a href=\"https:\/\/www.eldiario.es\/extremadura\/politica\/guardiola-entrega-sanidad-dependencia-extremadura-responsables-seguros-medicos-residencias-privadas_1_10429036.html\" target=\"_blank\" rel=\"noopener\"><span style=\"color: #333333;\">1)<\/span>\u00a0 https:\/\/www.eldiario.es\/extremadura\/politica\/guardiola-entrega-sanidad-dependencia-extremadura-responsables-seguros-medicos-residencias-privadas_1_10429036.html<\/a><\/p>\n<p style=\"text-align: left;\" align=\"justify\">2)\u00a0<a href=\"https:\/\/cincodias.elpais.com\/fondos-y-planes\/2023-07-04\/la-construccion-sigue-el-plan-de-escriva-con-un-plan-de-pensiones-que-llegara-a-3000-millones-en-2033.html?ssm=FB_CC&amp;fbclid=IwAR0THPQ4RohkBCML0R0dikoWi6xM_QUV5PEzECWqxywWgJSsJ1BivKiA4ug\" target=\"_blank\" rel=\"noopener\"> https:\/\/cincodias.elpais.com\/fondos-y-planes\/2023-07-04\/la-construccion-sigue-el-plan-de-escriva-con-un-plan-de-pensiones-que-llegara-a-3000-millones-en-2033.html?ssm=FB_CC&amp;fbclid=IwAR0THPQ4RohkBCML0R0dikoWi6xM_QUV5PEzECWqxywWgJSsJ1BivKiA4ug <\/a><\/p>\n<p align=\"justify\">3) <a href=\"https:\/\/www.nosdiario.gal\/articulo\/economia\/ministerio-entrega-xestion-fondos-pensions-bancos\/20230721193835173863.html\" target=\"_blank\" rel=\"noopener\">https:\/\/www.nosdiario.gal\/articulo\/economia\/ministerio-entrega-xestion-fondos-pensions-bancos\/20230721193835173863.html <\/a><\/p>\n<p align=\"justify\">4)\u00a0 <a href=\"https:\/\/poderpopular.info\/2023\/07\/25\/silencio-se-privatizan-las-pensiones\/?\" target=\"_blank\" rel=\"noopener\">https:\/\/poderpopular.info\/2023\/07\/25\/silencio-se-privatizan-las-pensiones\/?<\/a><\/p>\n<p align=\"justify\">5)\u00a0<span style=\"font-size: medium;\"><span lang=\"gl-ES\">An\u00e1lise Xabier: <a href=\"https:\/\/www.infolibre.es\/opinion\/plaza-publica\/ley-escriva-fondos-pensiones-iniciativa-neoliberal-obsoleta-gobierno-coalicion-progresista-debe-derogada_129_1439833.html\" target=\"_blank\" rel=\"noopener\">https:\/\/www.infolibre.es\/opinion\/plaza-publica\/ley-escriva-fondos-pensiones-iniciativa-neoliberal-obsoleta-gobierno-coalicion-progresista-debe-derogada_129_1439833.html<\/a><\/span><\/span><\/p>\n<p align=\"justify\">\n","protected":false},"excerpt":{"rendered":"<p>Al\u00e1 vai o 23 de xullo! Xa pasou o d\u00eda e contivemos ao peor dos pesadelos. Polos pelos mais non[&#8230;]<\/p>\n","protected":false},"author":3,"featured_media":2782,"comment_status":"closed","ping_status":"open","sticky":false,"template":"","format":"standard","meta":{"footnotes":""},"categories":[33,29],"tags":[],"class_list":["post-2781","post","type-post","status-publish","format-standard","has-post-thumbnail","hentry","category-novas-destacadas","category-outras-novas-miscelanea"],"_links":{"self":[{"href":"https:\/\/www.modepen.org\/index.php\/wp-json\/wp\/v2\/posts\/2781","targetHints":{"allow":["GET"]}}],"collection":[{"href":"https:\/\/www.modepen.org\/index.php\/wp-json\/wp\/v2\/posts"}],"about":[{"href":"https:\/\/www.modepen.org\/index.php\/wp-json\/wp\/v2\/types\/post"}],"author":[{"embeddable":true,"href":"https:\/\/www.modepen.org\/index.php\/wp-json\/wp\/v2\/users\/3"}],"replies":[{"embeddable":true,"href":"https:\/\/www.modepen.org\/index.php\/wp-json\/wp\/v2\/comments?post=2781"}],"version-history":[{"count":2,"href":"https:\/\/www.modepen.org\/index.php\/wp-json\/wp\/v2\/posts\/2781\/revisions"}],"predecessor-version":[{"id":2784,"href":"https:\/\/www.modepen.org\/index.php\/wp-json\/wp\/v2\/posts\/2781\/revisions\/2784"}],"wp:featuredmedia":[{"embeddable":true,"href":"https:\/\/www.modepen.org\/index.php\/wp-json\/wp\/v2\/media\/2782"}],"wp:attachment":[{"href":"https:\/\/www.modepen.org\/index.php\/wp-json\/wp\/v2\/media?parent=2781"}],"wp:term":[{"taxonomy":"category","embeddable":true,"href":"https:\/\/www.modepen.org\/index.php\/wp-json\/wp\/v2\/categories?post=2781"},{"taxonomy":"post_tag","embeddable":true,"href":"https:\/\/www.modepen.org\/index.php\/wp-json\/wp\/v2\/tags?post=2781"}],"curies":[{"name":"wp","href":"https:\/\/api.w.org\/{rel}","templated":true}]}}