{"id":2807,"date":"2023-09-25T23:45:11","date_gmt":"2023-09-25T21:45:11","guid":{"rendered":"https:\/\/www.modepen.org\/?p=2807"},"modified":"2023-09-25T23:45:11","modified_gmt":"2023-09-25T21:45:11","slug":"o-28-de-outubro-de-2023-tods-a-madrid-pension-minima-de-1080-e-e-recuperacion-do-poder-adquisitivo-de-pensions-e-salarios-xa","status":"publish","type":"post","link":"https:\/\/www.modepen.org\/index.php\/2023\/09\/25\/o-28-de-outubro-de-2023-tods-a-madrid-pension-minima-de-1080-e-e-recuperacion-do-poder-adquisitivo-de-pensions-e-salarios-xa\/","title":{"rendered":"O 28 de outubro de 2023, tod@s a Madrid!. Pensi\u00f3n m\u00ednima de 1080 \u20ac e recuperaci\u00f3n do poder adquisitivo de pensi\u00f3ns e salarios, XA!."},"content":{"rendered":"<p><strong>\u00c1s persoas pensionistas e maiores,<\/strong><\/p>\n<p><strong>\u00c1 mocidade, ao pobo traballador de calquera idade,<\/strong><\/p>\n<p><strong>Aos movementos sociais, ao sindicalismo de clase e combativo,<\/strong><\/p>\n<p><strong>\u00c1 cidadan\u00eda en xeral<\/strong><\/p>\n<p style=\"text-align: right;\">\u00a0\u00a0\u00a0\u00a0\u00a0\u00a0\u00a0\u00a0\u00a0\u00a0\u00a0\u00a0\u00a0\u00a0\u00a0\u00a0\u00a0\u00a0\u00a0\u00a0\u00a0\u00a0\u00a0\u00a0\u00a0\u00a0\u00a0\u00a0\u00a0\u00a0\u00a0\u00a0\u00a0\u00a0\u00a0\u00a0\u00a0\u00a0\u00a0\u00a0\u00a0\u00a0\u00a0\u00a0\u00a0\u00a0\u00a0\u00a0\u00a0\u00a0\u00a0\u00a0\u00a0\u00a0\u00a0\u00a0\u00a0\u00a0\u00a0\u00a0\u00a0\u00a0\u00a0\u00a0\u00a0\u00a0\u00a0\u00a0\u00a0\u00a0\u00a0\u00a0\u00a0\u00a0\u00a0\u00a0\u00a0\u00a0\u00a0\u00a0\u00a0\u00a0\u00a0\u00a0\u00a0\u00a0\u00a0\u00a0\u00a0\u00a0\u00a0\u00a0\u00a0\u00a0\u00a0\u00a0\u00a0\u00a0\u00a0\u00a0\u00a0\u00a0\u00a0\u00a0\u00a0\u00a0\u00a0\u00a0\u00a0\u00a0\u00a0\u00a0\u00a0\u00a0\u00a0\u00a0\u00a0\u00a0\u00a0\u00a0\u00a0\u00a0\u00a0\u00a0\u00a0\u00a0\u00a0\u00a0\u00a0\u00a0\u00a0\u00a0\u00a0\u00a0\u00a0\u00a0\u00a0\u00a0\u00a0\u00a0 25 de setembro 2023<\/p>\n<p>\u00a0\u00a0\u00a0\u00a0\u00a0\u00a0\u00a0\u00a0\u00a0\u00a0\u00a0\u00a0 <strong>Antes das elecci\u00f3ns do 23J<\/strong>, os movementos e plataformas de pensionistas dos diferentes pobos e comunidades do Estado que subscribimos este escrito, <strong>dirix\u00edmonos por carta aos partidos, para que inclu\u00edsen nos seus programas electorais as nosas reivindicaci\u00f3ns b\u00e1sicas. <\/strong><\/p>\n<p>Tras esas elecci\u00f3ns, volvemos esixir que <strong>esas reivindicaci\u00f3ns b\u00e1sicas sexan integradas tanto nas negociaci\u00f3ns para elixir presidente, como no programa do goberno<\/strong>. As nosas propostas han de ser atendidas de inmediato. <strong>Non hai escusa para non facelo<\/strong>, a\u00ednda que o goberno estea en funci\u00f3ns.<\/p>\n<p>Houbo elecci\u00f3ns, pero <strong>os problemas das persoas pensionistas non desapareceron<\/strong>; o incremento do custo da vida est\u00e1 a empeorar drasticamente as nosas condici\u00f3ns de vida. <strong>A subida imparable dos prezos da cesta b\u00e1sica ponnos cada vez m\u00e1is dif\u00edcil<\/strong> acceder a unha alimentaci\u00f3n sa e aos medicamentos, a unhas condici\u00f3ns habitacionais dignas que garantan a mobilidade e unha temperatura adecuada nas nosas casas, o acceso aos servizo sociosanitarios de atenci\u00f3n \u00e1 dependencia, a residencias con condici\u00f3ns dignas, etc.<\/p>\n<p><strong>\u00a0\u00a0\u00a0\u00a0\u00a0\u00a0\u00a0\u00a0\u00a0\u00a0\u00a0\u00a0 O IPC interanual \u00e9 do 5% e o subxacente de 2023 do 6,1%.<\/strong> C\u00f3mo \u00e9 posible manter e mellorar as nosas condici\u00f3ns de vida se a pensi\u00f3n m\u00ednima \u00e9 de 783 \u20ac e o 51,02% das persoas pensionistas te\u00f1en unha pensi\u00f3n por baixo de 1000 \u20ac?<\/p>\n<p>Mentres tanto <strong>a banca, as el\u00e9ctricas e tam\u00e9n as grandes empresas non financeiras baten r\u00e9cord de beneficios. <\/strong>Soamente no primeiro trimestre de 2023, a gran banca obt\u00e9n 12.385 mill\u00f3ns \u20ac de beneficios, un 20,7 % m\u00e1is que o mesmo per\u00edodo do ano anterior (que se suman aos 40.666 mill\u00f3ns obtidos nos anos 2021 e 2022), aproveit\u00e1ndose da subida dos tipos de interese que afunde as econom\u00edas das familias traballadoras e das pequenas empresas.<\/p>\n<p>Ao mesmo tempo, un total de <strong>28 das principais empresas do IBEX35 incrementaron os seus beneficios nun 39% en 2021<\/strong> (15.800 mill\u00f3ns \u20ac) e nun 43% en 2022 (18.400 mill\u00f3ns \u20ac). Estas obscenas cifras de beneficios da banca e do gran empresariado <strong>inciden directamente na carest\u00eda da vida e deixan ben \u00e1s claras que se segue producindo unha desigual repartici\u00f3n da riqueza<\/strong>, que reduce salarios e pensi\u00f3ns para mellorar as contas de resultados das grandes empresas, e o goberno ten que facer algo ao respecto.<\/p>\n<p>Segundo os \u00faltimos datos publicados en agosto, o Estado espa\u00f1ol dedica a pensi\u00f3ns o <strong>11,8% do PIB, por baixo da media europea e descendendo ano tras ano<\/strong> (en 2019 dedicouse o 12,7%). Lonxe de pa\u00edses como Grecia (17,8% do PIB), Italia (17,6%) ou Francia(15,9%).<\/p>\n<p>Por iso as diferentes plataformas e movementos de pensionistas que asinamos este escrito <strong>imos seguir na r\u00faa esixindo:<\/strong><\/p>\n<ol>\n<li>Unha <strong>pensi\u00f3n m\u00ednima de 1080 \u20ac con efectos retroactivos a xaneiro de 2023<\/strong>. <strong>Xa<\/strong>! Restablecer para decembro deste ano <strong>a paga compensatoria<\/strong> pola perda do poder adquisitivo das pensi\u00f3ns. E recuperar a revalorizaci\u00f3n anual das pensi\u00f3ns e os salarios <strong>en funci\u00f3n do IPC real<\/strong>. Desde o primeiro ano de vixencia da reforma de pensi\u00f3ns de 2013, a 2018 inclu\u00eddo, as persoas pensionistas perdemos 2,8% de poder adquisitivo. De 2019 a 2022, ambos inclu\u00eddos perdemos un 6%. <strong>Total 8,8%.<\/strong> Veremos a final de 2023 o incremento do IPC xeral.<\/li>\n<li><strong>Acabar coa brecha de x\u00e9nero (32,65%) en pensi\u00f3ns<\/strong> establecendo unha compensaci\u00f3n para conseguilo e mellorar a pensi\u00f3n de viuvez (coas cifras publicadas de agosto de 2023, a pensi\u00f3n media de homes \u00e9 de 1.443,3 euros e a das mulleres de 972,04 euros).<\/li>\n<li>A realizaci\u00f3n inmediata <strong>da auditor\u00eda das contas da Seguridade Social<\/strong>, aprobada polo Parlamento na Lei 21\/2021, que contin\u00faa sen cumprirse.<\/li>\n<li><strong>Eliminaci\u00f3n do requisito esixido de 2 anos<\/strong> de cotizaci\u00f3n nos quince \u00faltimos anos para poder acceder \u00e1 pensi\u00f3n.<\/li>\n<li><strong>Garantir o financiamento do SPP<\/strong> mediante un SMI do 60% salario medio, a creaci\u00f3n de emprego de calidade e a recuperaci\u00f3n do poder adquisitivo dos salarios.<\/li>\n<li><strong>\u00a0Derrogar os coeficientes redutores da xubilaci\u00f3n anticipada con 40 anos cotizados<\/strong>.<\/li>\n<li><strong>Restablecer a idade de xubilaci\u00f3n en 65 anos e 15 anos de cotizaci\u00f3n<\/strong> para o c\u00e1lculo da pensi\u00f3n.<\/li>\n<li><strong>Garantir a taxa de substituci\u00f3n de salario e pensi\u00f3n<\/strong> por encima do 90% para salarios inferiores a 1.500 \u20ac e 80% para o resto. Actualmente a taxa de substituci\u00f3n nos salarios medios \u00e9 do 72,3%, co agravante de que a diferenza salarial nos devanditos salarios \u00e9 de menos 21% en relaci\u00f3n \u00e1 UE27.<\/li>\n<li><strong>Derrogar a Lei 2\/2022<\/strong> de Fomento dos plans de pensi\u00f3ns de emprego que persegue a privatizaci\u00f3n do SPP.<\/li>\n<li>Que as\u00ed mesmo <strong>se pare o proceso de privatizaci\u00f3n do patrimonio da Seguridade Social<\/strong> que se est\u00e1 producindo, coa constante e encuberta venda de activos, inmobiliarios e outros.<\/li>\n<li><strong>Apertura dun di\u00e1logo permanente cos movementos e plataformas de pensionistas que<\/strong> asinan esta declaraci\u00f3n para estudar <strong>a derrogaci\u00f3n dos recortes<\/strong> establecidos nas reformas de 2011, 2013, 2021, 2022 e 2023.<\/li>\n<\/ol>\n<p>Daremos conta das nosas demandas de inmediato aos grupos pol\u00edticos do Congreso.<\/p>\n<p>Sabemos que a mobilizaci\u00f3n segue sendo a nosa garant\u00eda para conseguir os nosos obxectivos <strong>e as\u00ed o faremos o pr\u00f3ximo d\u00eda 28 de outubro, nas r\u00faas de Madrid<\/strong>, como vimos fac\u00e9ndoo desde fai m\u00e1is de cinco anos.<\/p>\n<p style=\"text-align: center;\"><strong>O 28 de outubro de 2023, tod@s a Madrid!<\/strong><\/p>\n<p style=\"text-align: center;\"><strong>Goberne quen goberne as pensi\u00f3ns p\u00fablicas def\u00e9ndense!<\/strong><\/p>\n<p>&nbsp;<\/p>\n<p><strong>ASJUBI40<\/strong> (Asociaci\u00f3n Jubilaci\u00f3n Anticipada sin Penalizar)<\/p>\n<p><strong>COESPE<\/strong> (Coordinadora Estatal por la Defensa del Sistema P\u00fablico de Pensiones)<\/p>\n<p><strong>EHPM<\/strong> (Movimento de Pensionistas de Euskal Herria)<\/p>\n<p><strong>MADPP<\/strong> (Movimiento Andaluz por la Defensa de las Pensiones P\u00fablicas)<\/p>\n<p><strong>MODEPEN<\/strong> (Movemento Galego en Defensa das Pensi\u00f3ns e dos Servizos P\u00fablicos)<\/p>\n<p><strong>UNIDADE COESPE<\/strong> (Coordinadora Estatal de Pensionistas)<\/p>\n<p><strong>PLATAFORMAS DE PENSIONISTAS <\/strong>de Badajoz, M\u00f3stoles\u2026<\/p>\n","protected":false},"excerpt":{"rendered":"<p>\u00c1s persoas pensionistas e maiores, \u00c1 mocidade, ao pobo traballador de calquera idade, Aos movementos sociais, ao sindicalismo de clase[&#8230;]<\/p>\n","protected":false},"author":3,"featured_media":2552,"comment_status":"closed","ping_status":"open","sticky":false,"template":"","format":"standard","meta":{"footnotes":""},"categories":[28,33],"tags":[],"class_list":["post-2807","post","type-post","status-publish","format-standard","has-post-thumbnail","hentry","category-movilizacions","category-novas-destacadas"],"_links":{"self":[{"href":"https:\/\/www.modepen.org\/index.php\/wp-json\/wp\/v2\/posts\/2807","targetHints":{"allow":["GET"]}}],"collection":[{"href":"https:\/\/www.modepen.org\/index.php\/wp-json\/wp\/v2\/posts"}],"about":[{"href":"https:\/\/www.modepen.org\/index.php\/wp-json\/wp\/v2\/types\/post"}],"author":[{"embeddable":true,"href":"https:\/\/www.modepen.org\/index.php\/wp-json\/wp\/v2\/users\/3"}],"replies":[{"embeddable":true,"href":"https:\/\/www.modepen.org\/index.php\/wp-json\/wp\/v2\/comments?post=2807"}],"version-history":[{"count":3,"href":"https:\/\/www.modepen.org\/index.php\/wp-json\/wp\/v2\/posts\/2807\/revisions"}],"predecessor-version":[{"id":2810,"href":"https:\/\/www.modepen.org\/index.php\/wp-json\/wp\/v2\/posts\/2807\/revisions\/2810"}],"wp:featuredmedia":[{"embeddable":true,"href":"https:\/\/www.modepen.org\/index.php\/wp-json\/wp\/v2\/media\/2552"}],"wp:attachment":[{"href":"https:\/\/www.modepen.org\/index.php\/wp-json\/wp\/v2\/media?parent=2807"}],"wp:term":[{"taxonomy":"category","embeddable":true,"href":"https:\/\/www.modepen.org\/index.php\/wp-json\/wp\/v2\/categories?post=2807"},{"taxonomy":"post_tag","embeddable":true,"href":"https:\/\/www.modepen.org\/index.php\/wp-json\/wp\/v2\/tags?post=2807"}],"curies":[{"name":"wp","href":"https:\/\/api.w.org\/{rel}","templated":true}]}}