{"id":2914,"date":"2024-01-11T20:49:51","date_gmt":"2024-01-11T19:49:51","guid":{"rendered":"https:\/\/www.modepen.org\/?p=2914"},"modified":"2024-01-11T21:30:47","modified_gmt":"2024-01-11T20:30:47","slug":"documentos-de-analise-de-modepen-da-suba-das-pensions-para-2024","status":"publish","type":"post","link":"https:\/\/www.modepen.org\/index.php\/2024\/01\/11\/documentos-de-analise-de-modepen-da-suba-das-pensions-para-2024\/","title":{"rendered":"Documentos de an\u00e1lise de Modepen da suba das pensi\u00f3ns para 2024."},"content":{"rendered":"<p align=\"justify\">Unha das principais vitorias do Movemento Pensionistas foi mandar ao lixo aquel decreto polo que as pensi\u00f3ns subir\u00edan o 0,25% anual. Agora as pensi\u00f3ns soben de acordo co IPC (\u00cdndice de prezos ao consumo)<\/p>\n<p align=\"justify\">Imaxinades como ser\u00eda a vida dos e das pensionistas sen esta vitoria?<\/p>\n<p align=\"justify\">Para analizar esta subida, en Modepen elaboramos estes dous documentos e un anexo, que achegamos <strong>unificados nun s\u00f3<\/strong>, e que pretenden responder a varias cuesti\u00f3ns:<\/p>\n<p align=\"justify\">No documento 1, moi brevemente, respondemos \u00e1s seguintes:<\/p>\n<p align=\"justify\">-Soben as pensi\u00f3ns unha mesma porcentaxe para todas as persoas pensionistas?<\/p>\n<p align=\"justify\">-Por que a moitas de n\u00f3s, a pesar da suba, nos est\u00e1 resultando m\u00e1is dif\u00edcil chegar a fin de mes?<\/p>\n<p align=\"justify\">-Afecta por igual a todos a suba do IPC ou \u00e9 diferente segundo os nosos ingresos sexan maiores ou menores?<\/p>\n<p align=\"justify\">-Que reivindicamos \u00e1 vista da an\u00e1lise anterior?<\/p>\n<p align=\"justify\">No documento 2, analizamos m\u00e1is polo mi\u00fado as seguintes:<\/p>\n<p align=\"justify\">1\u00ba. Cal \u00e9 o mecanismo de suba das pensi\u00f3ns aprobado na Lei 21\/2021 (IPC medio acumulado) e como ser\u00eda co IPC real?<\/p>\n<p align=\"justify\">2\u00ba. Cal \u00e9 a reivindicaci\u00f3n da Unidade de Acci\u00f3n Estatal (UAE) sobre a taxa de reposici\u00f3n das pensi\u00f3ns?<\/p>\n<p align=\"justify\">3\u00ba. Cal \u00e9 o mecanismo de c\u00e1lculo do \u00edndice de prezos ao consumo (IPC) e a s\u00faa relaci\u00f3n co poder adquisitivo real das pensi\u00f3ns?<\/p>\n<p align=\"justify\">Finalmente, e como anexo, unimos un resume do Real Decreto 8\/2023 no relativo \u00e1 cont\u00eda m\u00ednima das diferentes clases de pensi\u00f3ns contributivas (ordinaria, incapacidade, viuvez, orfandade, clases pasivas) en euros\/ano e en euros\/mes.<\/p>\n<p align=\"justify\"><a href=\"https:\/\/www.modepen.org\/wp-content\/uploads\/2024\/01\/MODEPEN-Pensiones-e-IPC-2024.pdf\" target=\"_blank\" rel=\"noopener\">Documento de an\u00e1lise de Modepen da suba das pensi\u00f3ns para 2024.<\/a><\/p>\n<p align=\"justify\"><a href=\"https:\/\/www.modepen.org\/wp-content\/uploads\/2023\/06\/AS-IDEAS-QUE-NOS-UNEN-Final-revisado.pdf\" target=\"_blank\" rel=\"noopener\">Documento Marco aprobado na V Asemblea. T\u00c1BOA REIVINDICATIVA<\/a><\/p>\n","protected":false},"excerpt":{"rendered":"<p>Unha das principais vitorias do Movemento Pensionistas foi mandar ao lixo aquel decreto polo que as pensi\u00f3ns subir\u00edan o 0,25%[&#8230;]<\/p>\n","protected":false},"author":3,"featured_media":2915,"comment_status":"closed","ping_status":"open","sticky":false,"template":"","format":"standard","meta":{"footnotes":""},"categories":[33,30],"tags":[],"class_list":["post-2914","post","type-post","status-publish","format-standard","has-post-thumbnail","hentry","category-novas-destacadas","category-pensions"],"_links":{"self":[{"href":"https:\/\/www.modepen.org\/index.php\/wp-json\/wp\/v2\/posts\/2914","targetHints":{"allow":["GET"]}}],"collection":[{"href":"https:\/\/www.modepen.org\/index.php\/wp-json\/wp\/v2\/posts"}],"about":[{"href":"https:\/\/www.modepen.org\/index.php\/wp-json\/wp\/v2\/types\/post"}],"author":[{"embeddable":true,"href":"https:\/\/www.modepen.org\/index.php\/wp-json\/wp\/v2\/users\/3"}],"replies":[{"embeddable":true,"href":"https:\/\/www.modepen.org\/index.php\/wp-json\/wp\/v2\/comments?post=2914"}],"version-history":[{"count":3,"href":"https:\/\/www.modepen.org\/index.php\/wp-json\/wp\/v2\/posts\/2914\/revisions"}],"predecessor-version":[{"id":2918,"href":"https:\/\/www.modepen.org\/index.php\/wp-json\/wp\/v2\/posts\/2914\/revisions\/2918"}],"wp:featuredmedia":[{"embeddable":true,"href":"https:\/\/www.modepen.org\/index.php\/wp-json\/wp\/v2\/media\/2915"}],"wp:attachment":[{"href":"https:\/\/www.modepen.org\/index.php\/wp-json\/wp\/v2\/media?parent=2914"}],"wp:term":[{"taxonomy":"category","embeddable":true,"href":"https:\/\/www.modepen.org\/index.php\/wp-json\/wp\/v2\/categories?post=2914"},{"taxonomy":"post_tag","embeddable":true,"href":"https:\/\/www.modepen.org\/index.php\/wp-json\/wp\/v2\/tags?post=2914"}],"curies":[{"name":"wp","href":"https:\/\/api.w.org\/{rel}","templated":true}]}}