{"id":2930,"date":"2024-01-29T22:31:31","date_gmt":"2024-01-29T21:31:31","guid":{"rendered":"https:\/\/www.modepen.org\/?p=2930"},"modified":"2024-01-29T22:31:31","modified_gmt":"2024-01-29T21:31:31","slug":"manifestacion-de-sos-sanidade-publica-en-compostela-o-04-02-2024","status":"publish","type":"post","link":"https:\/\/www.modepen.org\/index.php\/2024\/01\/29\/manifestacion-de-sos-sanidade-publica-en-compostela-o-04-02-2024\/","title":{"rendered":"Manifestaci\u00f3n de SOS Sanidade P\u00fablica en Compostela o 04-02-2024."},"content":{"rendered":"<p align=\"justify\">O 12 de febreiro de 2023 tivemos que sa\u00edr \u00e1 r\u00faa porque \u201ca Sanidade P\u00fablica Galega estaba en coma, na \u00faltima fase do seu desmantelamento\u201d e porque era \u201cnecesaria unha gran mobilizaci\u00f3n social e profesional para cambiar esa situaci\u00f3n aberrante e inacept\u00e1bel\u201d.<\/p>\n<p align=\"justify\">Case un ano despois SOS Sanidade P\u00fablica vese obrigada a volver a convocar por eses mesmos motivos. Nun ano non se ten avanzado nada na soluci\u00f3n dos problemas da nosa sanidade. M\u00e1is ben, seguimos a retroceder. O chamamento, que evidentemente apoiamos desde Modepen, <b>\u00e9 para o vindeiro 4 de febreiro, \u00e1s doce horas, en Compostela (1)<\/b><\/p>\n<p align=\"justify\">Diante dunha Sanidade P\u00fablica Galega en coma, na \u00faltima fase do seu desmantelamento, \u00e9 necesaria unha gran mobilizaci\u00f3n social e profesional, na que esixamos soluci\u00f3ns como as que SOS Sanidade P\u00fablica e as s\u00faas 55 organizaci\u00f3ns (que abranguen plataformas cidad\u00e1s, organizaci\u00f3ns pol\u00edticas e sindicais e colectivos profesionais) sintentizan en 13 medidas urxentes que se poden consultar m\u00e1is polo mi\u00fado no enlace (2). Entre estas trece medidas est\u00e1n as seguintes:<\/p>\n<p align=\"justify\">Incremento do orzamento sanitario. Non a derivaci\u00f3n sistem\u00e1tica de pacientes \u00e1 privada. Incremento do persoal e novas categor\u00edas profesionais. Priorizaci\u00f3n das consultas presenciais. Reapertura dos Centros de Sa\u00fade pechados e creaci\u00f3n de novos. Potenciaci\u00f3n da Atenci\u00f3n Primaria. Reintegraci\u00f3n das ambulancias ao Sistema P\u00fablico. Racionalizaci\u00f3n das listas de agarda.<\/p>\n<p align=\"justify\">Garant\u00eda de que a atenci\u00f3n m\u00e9dica e o control da sa\u00fade das persoas inclu\u00eddas no Sistema para a Autonom\u00eda e Atenci\u00f3n \u00e1 Dependencia (SAAD) faise dende a sanidade p\u00fablica en coordinaci\u00f3n cos servizos sociais. Asegurar que as persoas maiores e as persoas con discapacidade, sobre todo aquelas que viven en residencias, non sofren restrici\u00f3ns ou marxinaci\u00f3ns no acceso aos especialistas nin nas derivaci\u00f3ns hospitalarias.<\/p>\n<p align=\"justify\">Reintegraci\u00f3n ao Sistema P\u00fablico dos servizos privatizados. Elaboraci\u00f3n dun Plan de Sa\u00fade Mental. Eliminaci\u00f3n da inestabilidade e precariedade laboral. Concursos p\u00fablicos transparentes e abertos. Restablecemento das Xerencias de Atenci\u00f3n Primaria. Reorientaci\u00f3n do sistema ao \u00abmodelo comunitario e participativo\u00bb. Desmedicalizaci\u00f3n do sistema.<\/p>\n<p align=\"justify\"><a href=\"https:\/\/www.nosdiario.gal\/articulo\/social\/pola-sanidade-que-queremos-merecemos\/20240118211711187732.html\" target=\"_blank\" rel=\"noopener\">(1) Convocatoria (nova no xornal N\u00f3s).<\/a><\/p>\n<p align=\"justify\"><a href=\"https:\/\/sossanidadepublica.wordpress.com\/images-and-paragraphs-on-grid\/\" target=\"_blank\" rel=\"noopener\">(2) 13 medidas urxentes (Ligaz\u00f3n a SOS Sanidade P\u00fablica).<\/a><\/p>\n<p align=\"justify\"><a href=\"https:\/\/www.modepen.org\/wp-content\/uploads\/2024\/01\/FOTOCOPIADORA-_-13-Medidas-A4-Folio-2-caras-B_N.pdf\" target=\"_blank\" rel=\"noopener\">(3) 13 medidas urxentes pola sanidade que queremos&#8230;e que merecemos (doc. pdf).<\/a><\/p>\n<p align=\"justify\">\n","protected":false},"excerpt":{"rendered":"<p>O 12 de febreiro de 2023 tivemos que sa\u00edr \u00e1 r\u00faa porque \u201ca Sanidade P\u00fablica Galega estaba en coma, na[&#8230;]<\/p>\n","protected":false},"author":3,"featured_media":2933,"comment_status":"closed","ping_status":"open","sticky":false,"template":"","format":"standard","meta":{"footnotes":""},"categories":[28,33],"tags":[],"class_list":["post-2930","post","type-post","status-publish","format-standard","has-post-thumbnail","hentry","category-movilizacions","category-novas-destacadas"],"_links":{"self":[{"href":"https:\/\/www.modepen.org\/index.php\/wp-json\/wp\/v2\/posts\/2930","targetHints":{"allow":["GET"]}}],"collection":[{"href":"https:\/\/www.modepen.org\/index.php\/wp-json\/wp\/v2\/posts"}],"about":[{"href":"https:\/\/www.modepen.org\/index.php\/wp-json\/wp\/v2\/types\/post"}],"author":[{"embeddable":true,"href":"https:\/\/www.modepen.org\/index.php\/wp-json\/wp\/v2\/users\/3"}],"replies":[{"embeddable":true,"href":"https:\/\/www.modepen.org\/index.php\/wp-json\/wp\/v2\/comments?post=2930"}],"version-history":[{"count":2,"href":"https:\/\/www.modepen.org\/index.php\/wp-json\/wp\/v2\/posts\/2930\/revisions"}],"predecessor-version":[{"id":2934,"href":"https:\/\/www.modepen.org\/index.php\/wp-json\/wp\/v2\/posts\/2930\/revisions\/2934"}],"wp:featuredmedia":[{"embeddable":true,"href":"https:\/\/www.modepen.org\/index.php\/wp-json\/wp\/v2\/media\/2933"}],"wp:attachment":[{"href":"https:\/\/www.modepen.org\/index.php\/wp-json\/wp\/v2\/media?parent=2930"}],"wp:term":[{"taxonomy":"category","embeddable":true,"href":"https:\/\/www.modepen.org\/index.php\/wp-json\/wp\/v2\/categories?post=2930"},{"taxonomy":"post_tag","embeddable":true,"href":"https:\/\/www.modepen.org\/index.php\/wp-json\/wp\/v2\/tags?post=2930"}],"curies":[{"name":"wp","href":"https:\/\/api.w.org\/{rel}","templated":true}]}}