{"id":3041,"date":"2024-04-08T10:38:22","date_gmt":"2024-04-08T08:38:22","guid":{"rendered":"https:\/\/www.modepen.org\/?p=3041"},"modified":"2024-04-08T10:38:22","modified_gmt":"2024-04-08T08:38:22","slug":"comunicado-ua-sobre-reunion-do-pacto-de-toledo","status":"publish","type":"post","link":"https:\/\/www.modepen.org\/index.php\/2024\/04\/08\/comunicado-ua-sobre-reunion-do-pacto-de-toledo\/","title":{"rendered":"Comunicado UA sobre reunio\u0301n do Pacto de Toledo"},"content":{"rendered":"<h2 align=\"center\"><span style=\"color: #000000;\"> <span style=\"font-family: Calibri, serif;\"><span style=\"font-size: medium;\"><span style=\"font-size: xx-large;\"><b>Este luns d\u00eda 8 de abril re\u00fanese a comisi\u00f3n de seguimento e avaliaci\u00f3n dos acordos <\/b><\/span><\/span><\/span><\/span><span style=\"color: #000000;\"><span style=\"font-family: Calibri, serif;\"><span style=\"font-size: medium;\"><span style=\"font-size: xx-large;\"><b>do Pacto de Toledo<\/b><\/span><\/span><\/span><\/span><\/h2>\n<p align=\"right\"><span style=\"color: #000000;\"> <span style=\"font-family: Calibri, serif;\"><span style=\"font-size: medium;\">8 de abril de 2024 <\/span><\/span><\/span><\/p>\n<p align=\"justify\"><span style=\"color: #000000;\"><span style=\"font-family: Arial, sans-serif;\"><span style=\"font-size: large;\">Nesa xuntanza a ministra de Inclusi\u00f3n, Seguridade Social E Migraci\u00f3ns <b>comparecer\u00e1 para informar <\/b>sobre as li\u00f1as xerais da pol\u00edtica do seu departamento. <\/span><\/span><\/span><\/p>\n<p align=\"justify\"><span style=\"color: #000000;\"><span style=\"font-family: Arial, sans-serif;\"><span style=\"font-size: large;\">As organizaci\u00f3ns e movementos de pensionistas abaixo asinantes queremos aproveitar a ocasi\u00f3n para <b>lembrarlle \u00e1 ministra, e \u00e1 comisi\u00f3n, que cuesti\u00f3ns fundamentais para garantir pensi\u00f3ns p\u00fablicas dignas e suficientes seguen pendentes, <\/b>e que compromisos recollidos na Lei, como <b>a Auditor\u00eda das contas da Seguridade Social e a taxa de reemprazo das pensi\u00f3ns p\u00fablicas, seguen sen realizarse<\/b>. <\/span><\/span><\/span><\/p>\n<p align=\"justify\"><span style=\"color: #000000;\"><span style=\"font-family: Arial, sans-serif;\"><span style=\"font-size: large;\">As persoas pensionistas seguimos comprobando que, <b>debido \u00e1 insuficiencia das pensi\u00f3ns p\u00fablicas, as nosas condiciones de vida se est\u00e1n deteriorando <\/b>e sufrimos especialmente <b>as consecuencias da privatizaci\u00f3n dos servicios de sanidade, residencias, &#8230; e o encarecemento deses servizos<\/b>. Os efectos sobre a nosa econom\u00eda do medre dos custes de produtos e servizos b\u00e1sicos (38% segundo a OCU), fan que <b>cada vez m\u00e1is persoas maiores non podan acceder <\/b>a unha <b>medicaci\u00f3n correcta, alimentaci\u00f3n san, unha vivenda confort\u00e1bel con servicios b\u00e1sicos garantidos <\/b>(Luz, Auga, etc.) <b>e pensi\u00f3ns p\u00fablicas por riba do umbral da pobreza<\/b>. <\/span><\/span><\/span><\/p>\n<p align=\"justify\"><span style=\"color: #000000;\"><span style=\"font-family: Arial, sans-serif;\"><span style=\"font-size: large;\"><b>As decisi\u00f3ns adoptadas para mellorar as pensi\u00f3ns m\u00ednimas son moi insuficientes <\/b>e despois de m\u00e1is de seis anos de exixir unha pensi\u00f3n m\u00ednima de 1.080 euros <b>seguimos esperando<\/b>. <\/span><\/span><\/span><\/p>\n<p align=\"justify\"><span style=\"color: #000000;\"><span style=\"font-family: Arial, sans-serif;\"><span style=\"font-size: large;\">A pobreza e insuficiencia das pensi\u00f3ns <b>ten cara de muller e s\u00e9guese sen adoptar medidas eficaces para erradicar a fenda de x\u00e9nero en salarios e pensi\u00f3ns <\/b>e mellorar substancialmente a pensi\u00f3n de viuvez. <\/span><\/span><\/span><\/p>\n<p align=\"justify\"><span style=\"color: #000000;\"><span style=\"font-family: Arial, sans-serif;\"><span style=\"font-size: large;\"><b>A taxa de reemprazo das pensi\u00f3ns segue diminu\u00edndo debido a que os recortes introducidos na reforma do 2011 se mante\u00f1en na do 2021 e seguen a reducirse <\/b>a medio prazo, <b>a idade de xubilaci\u00f3n aumenta de maneira progresiva<\/b>, vanse profundando as <b>medidas para contraer ao m\u00e1ximo o sistema p\u00fablico de pensi\u00f3ns e a seguridade social<\/b>, mentres segue sen resolver de maneira definitiva a grave medida de reducir as pensi\u00f3ns a aquelas traballadoras e traballadores con 40 a\u00f1os ou m\u00e1is de cotizaci\u00f3n na s\u00faa vida laboral. <\/span><\/span><\/span><\/p>\n<p align=\"justify\"><span style=\"color: #000000;\"><span style=\"font-family: Arial, sans-serif;\"><span style=\"font-size: large;\">Reclamamos que todo o esforzo que se est\u00e1 realizando por constru\u00edr un sistema complementario de pensi\u00f3ns privadas (baseadas na recomendaci\u00f3n n\u00famero 16 do Pacto de Toledo), a trav\u00e9s de los eufemisticamente chamados \u00a8plans de pensi\u00f3ns de emprego\u00a8, <b>se aplique en garantir o sistema p\u00fablico e en mellorar as pensi\u00f3ns p\u00fablicas<\/b>. <\/span><\/span><\/span><\/p>\n<p align=\"justify\"><span style=\"color: #000000;\"><span style=\"font-family: Arial, sans-serif;\"><span style=\"font-size: large;\"><b>Por esas e outras raz\u00f3ns, as organizaci\u00f3ns de pensionistas que subscribamos este comunicado dicimos NON ao Pacto de Toledo, e pedimos que se derrogue a lei de creaci\u00f3n do fondo de pensi\u00f3ns privadas (PPEs) a trav\u00e9s da negociaci\u00f3n colectiva<\/b>, e que nin un s\u00f3 euro dos salarios diferidos na vida laboral das traballadoras e traballadores, se destinen a fomentalos. <\/span><\/span><\/span><\/p>\n<p align=\"justify\"><span style=\"color: #000000;\"><span style=\"font-family: Arial, sans-serif;\"><span style=\"font-size: large;\"><b>Estas demandas deben ser contempladas <\/b>no s\u00f3 nas li\u00f1as xerais do ministerio, senon nas decisi\u00f3ns concretas do goberno e os seus apoios parlamentarios. <b>S\u00f3 \u00e9 cuesti\u00f3n de vontade pol\u00edtica facelas realidade<\/b>. <\/span><\/span><\/span><\/p>\n<p align=\"justify\"><span style=\"color: #000000;\"><span style=\"font-family: Arial, sans-serif;\"><span style=\"font-size: large;\"><b>O conxunto de pensionistas dos diferentes pobos do estado seguiremos loitando <\/b>porque estamos convencidos que <b>esta batalla \u00edmola ga\u00f1ar<\/b>; celebramos o conseguido, pero queda moito por conseguir, ap\u00f3s de decenas de anos de traballo \u00e9 de xustiza conseguilo. <\/span><\/span><\/span><\/p>\n<p align=\"center\"><span style=\"color: #000000;\"><span style=\"font-family: Calibri, serif;\"><span style=\"font-size: medium;\"><span style=\"font-size: x-large;\"><b>NON AO PACTO DE TOLEDO !!! <\/b><\/span><\/span><\/span><\/span><\/p>\n<p align=\"center\"><span style=\"color: #000000;\"><span style=\"font-family: Calibri, serif;\"><span style=\"font-size: medium;\"><span style=\"font-size: x-large;\"><b>GOBERNE QUEN GOBERNE <\/b><\/span><\/span><\/span><\/span><\/p>\n<p align=\"center\"><span style=\"color: #000000;\"><span style=\"font-family: Calibri, serif;\"><span style=\"font-size: medium;\"><span style=\"font-size: x-large;\"><b>OS DEREITOS E AS PENSI\u00d3NS PUBLICAS DEF\u00c9NDENSE !!! <\/b><\/span><\/span><\/span><\/span><\/p>\n<p align=\"left\"><span style=\"color: #000000;\"><span style=\"font-family: Calibri, serif;\"><span style=\"font-size: medium;\"><span style=\"font-size: large;\"><b>ASJUBI40 <\/b><\/span><span style=\"font-size: large;\">(Asociaci\u00f3n Jubilaci\u00f3n Anticipada sin Penalizar) <\/span><\/span><\/span><\/span><\/p>\n<p align=\"left\"><span style=\"color: #000000;\"><span style=\"font-family: Calibri, serif;\"><span style=\"font-size: medium;\"><span style=\"font-size: large;\"><b>COESPE <\/b><\/span><span style=\"font-size: large;\">(Coordinadora Estatal por la Defensa del Sistema P\u00fablico de Pensiones) <\/span><\/span><\/span><\/span><\/p>\n<p align=\"left\"><span style=\"color: #000000;\"><span style=\"font-family: Calibri, serif;\"><span style=\"font-size: medium;\"><span style=\"font-size: large;\"><b>EHPM <\/b><\/span><span style=\"font-size: large;\">(Movimiento de Pensionistas de Euskal Herria) <\/span><\/span><\/span><\/span><\/p>\n<p align=\"left\"><span style=\"color: #000000;\"><span style=\"font-family: Calibri, serif;\"><span style=\"font-size: medium;\"><span style=\"font-size: large;\"><b>MADPP <\/b><\/span><span style=\"font-size: large;\">(Movimiento Andaluz por la Defensa de las Pensiones P\u00fablicas) <\/span><\/span><\/span><\/span><\/p>\n<p align=\"left\"><span style=\"color: #000000;\"><span style=\"font-family: Calibri, serif;\"><span style=\"font-size: medium;\"><span style=\"font-size: large;\"><b>MODEPEN <\/b><\/span><span style=\"font-size: large;\">(Movemento Galego en Defensa das Pensi\u00f3ns e os Servizos P\u00fablicos) <\/span><\/span><\/span><\/span><\/p>\n<p align=\"left\"><span style=\"color: #000000;\"><span style=\"font-family: Calibri, serif;\"><span style=\"font-size: medium;\"><span style=\"font-size: large;\"><b>UNIDAD COESPE <\/b><\/span><span style=\"font-size: large;\">(Coordinadora Estatal de Pensionistas) <\/span><\/span><\/span><\/span><\/p>\n<p align=\"center\"><span style=\"font-size: large;\"><b>PLATAFORMAS DE PENSIONISTAS <\/b><\/span><span style=\"font-size: large;\">de Badajoz, M\u00f3stoles, \u2026 <\/span><\/p>\n","protected":false},"excerpt":{"rendered":"<p>Este luns d\u00eda 8 de abril re\u00fanese a comisi\u00f3n de seguimento e avaliaci\u00f3n dos acordos do Pacto de Toledo 8[&#8230;]<\/p>\n","protected":false},"author":3,"featured_media":3042,"comment_status":"closed","ping_status":"open","sticky":false,"template":"","format":"standard","meta":{"footnotes":""},"categories":[33,35,29],"tags":[],"class_list":["post-3041","post","type-post","status-publish","format-standard","has-post-thumbnail","hentry","category-novas-destacadas","category-outras-novas","category-outras-novas-miscelanea"],"_links":{"self":[{"href":"https:\/\/www.modepen.org\/index.php\/wp-json\/wp\/v2\/posts\/3041","targetHints":{"allow":["GET"]}}],"collection":[{"href":"https:\/\/www.modepen.org\/index.php\/wp-json\/wp\/v2\/posts"}],"about":[{"href":"https:\/\/www.modepen.org\/index.php\/wp-json\/wp\/v2\/types\/post"}],"author":[{"embeddable":true,"href":"https:\/\/www.modepen.org\/index.php\/wp-json\/wp\/v2\/users\/3"}],"replies":[{"embeddable":true,"href":"https:\/\/www.modepen.org\/index.php\/wp-json\/wp\/v2\/comments?post=3041"}],"version-history":[{"count":1,"href":"https:\/\/www.modepen.org\/index.php\/wp-json\/wp\/v2\/posts\/3041\/revisions"}],"predecessor-version":[{"id":3043,"href":"https:\/\/www.modepen.org\/index.php\/wp-json\/wp\/v2\/posts\/3041\/revisions\/3043"}],"wp:featuredmedia":[{"embeddable":true,"href":"https:\/\/www.modepen.org\/index.php\/wp-json\/wp\/v2\/media\/3042"}],"wp:attachment":[{"href":"https:\/\/www.modepen.org\/index.php\/wp-json\/wp\/v2\/media?parent=3041"}],"wp:term":[{"taxonomy":"category","embeddable":true,"href":"https:\/\/www.modepen.org\/index.php\/wp-json\/wp\/v2\/categories?post=3041"},{"taxonomy":"post_tag","embeddable":true,"href":"https:\/\/www.modepen.org\/index.php\/wp-json\/wp\/v2\/tags?post=3041"}],"curies":[{"name":"wp","href":"https:\/\/api.w.org\/{rel}","templated":true}]}}