{"id":3158,"date":"2024-07-04T23:09:01","date_gmt":"2024-07-04T21:09:01","guid":{"rendered":"https:\/\/www.modepen.org\/?p=3158"},"modified":"2024-07-04T23:11:23","modified_gmt":"2024-07-04T21:11:23","slug":"sindicalismo-non-e-delito-solidaridade-coas-6-da-suiza","status":"publish","type":"post","link":"https:\/\/www.modepen.org\/index.php\/2024\/07\/04\/sindicalismo-non-e-delito-solidaridade-coas-6-da-suiza\/","title":{"rendered":"SINDICALISMO NON \u00c9 DELITO. SOLIDARIDADE  COAS 6 DA SUIZA."},"content":{"rendered":"<p align=\"center\"><strong><span style=\"font-size: x-large;\"><span style=\"font-family: CIDFont+F2, serif;\">Comunicado<\/span><\/span><span style=\"font-size: x-large;\"><span style=\"font-family: CIDFont+F2, serif;\"> da Unidade de Acci\u00f3n dos Movementos Pensionistas<\/span><\/span><\/strong><\/p>\n<p align=\"right\"><span style=\"font-family: CIDFont+F2, serif;\"><span style=\"font-size: small;\">1 de xullo de 2024<\/span><\/span><\/p>\n<p align=\"justify\"><span style=\"font-family: CIDFont+F2, serif;\"><span style=\"font-size: large;\">As Plataformas e Movementos de pensionistas dos pobos e comunidades do Estado vemos con indignaci\u00f3n a crecente onda de represi\u00f3n sobre os movementos sociais e os dereitos \u00e1 manifestaci\u00f3n e a protesta.<\/span><\/span><\/p>\n<p align=\"justify\"><span style=\"font-family: CIDFont+F2, serif;\"><span style=\"font-size: large;\">Comezamos por manifestar o noso rexeitamento \u00e1 sentenza de condena a tres anos e medio (e unha indemnizaci\u00f3n de 125.428 euros para o empresario) contra seis traballadoras polas concentraci\u00f3ns que se sucederon nun conflito laboral coa empresa A Su\u00edza, pasteler\u00eda de Xix\u00f3n. Nunha nova sentenza contra a liberdade sindical e as liberdades democr\u00e1ticas, o Tribunal Supremo, sala segunda presidida por Manuel Marchena, rexeitou o recurso de casaci\u00f3n que interpuxo o sindicato CNT, e ratifica dita condena.<\/span><\/span><\/p>\n<p align=\"justify\"><span style=\"font-family: CIDFont+F2, serif;\"><span style=\"font-size: large;\">Os feitos denunciados consist\u00edan en manifestarse fronte \u00e1 pasteler\u00eda, utilizando megafon\u00eda informando do conflito e chamando \u00e1 solidariedade. Despois do calvario de m\u00e1is de 7 anos do proceso, son condenadas, establecendo un perigoso precedente, pois abre unha v\u00eda de privaci\u00f3n de liberdade \u00e1s persoas que se resistan \u00e1s actitudes caciqu\u00eds de calquera empresa.<\/span><\/span><\/p>\n<p align=\"justify\"><span style=\"font-family: CIDFont+F2, serif;\"><span style=\"font-size: large;\">Facer sindicalismo, non pode ser considerado un delito. Desde o noso Movemento mostramos o noso respaldo cara aos e as sindicalistas combativas e as s\u00faas organizaci\u00f3ns as\u00ed como cos movementos sociais que se manifestan nas r\u00faas. E seguiremos mostrando o noso rexeitamento \u00e1s acci\u00f3ns que pretenden coartar as liberdades da cidadan\u00eda. Por ese motivo esiximos a Derrogaci\u00f3n da Lei mordaza, e a liberdade sindical absoluta.<\/span><\/span><\/p>\n<p align=\"justify\"><span style=\"font-family: CIDFont+F2, serif;\"><span style=\"font-size: large;\">Tam\u00e9n rexeitamos as represalias dirixidas contra d\u00faas compa\u00f1eiras pensionistas de Alcal\u00e1 de Henares, por aplicaci\u00f3n da nefasta Lei Mordaza e esiximos o peche do expediente sancionador levado a cabo contra elas na concentraci\u00f3n dos Luns ao Sol, e o xu\u00edzo pendente a outras tres sindicalistas do SAT por protestar polo despedimento dunha delegada sindical, que se unen \u00e1 largu\u00edsima lista de persoas represaliadas en aplicaci\u00f3n da \u201cLei Mordaza\u201d.<\/span><\/span><\/p>\n<p align=\"justify\"><span style=\"font-family: CIDFont+F2, serif;\"><span style=\"font-size: large;\">Non podemos esquecer tampouco aos 6 de Zaragoza, uns mozos antifascistas que xa est\u00e1n no c\u00e1rcere por manifestarse contra os fascistas de VOX. Nunca seremos unha democracia plena si se castiga aos que protestan contra os autoritarios herdeiros do franquismo. Vaia pois, a nosa solidariedade e apoio con estes mozos.<\/span><\/span><\/p>\n<p align=\"justify\"><span style=\"font-family: CIDFont+F2, serif;\"><span style=\"font-size: large;\">O movemento pensionista somos parte da clase traballadora, e as nosas reivindicaci\u00f3ns van indisolublemente ligadas aos dereitos e liberdades laborais, salariais e sindicais. Por iso facemos un chamamento \u00e1 solidariedade con todas as compa\u00f1eiras e compa\u00f1eiros que est\u00e1n a sufrir represi\u00f3n xudicial, policial ou administrativa por exercer os seus dereitos.<\/span><\/span><\/p>\n<p align=\"left\"><span style=\"font-family: CIDFont+F2, serif;\"><span style=\"font-size: large;\">Podes mostrar o teu apoio \u00e1s 6 da Su\u00edza, asinando este manifesto: hcps:\/\/www.cnt.es\/noocias\/sumate-ao-apoio-a-as-compas-de-a-su\u00edza\/<\/span><\/span><\/p>\n<p align=\"center\"><span style=\"font-family: CIDFont+F1, serif;\"><span style=\"font-size: x-large;\">SE NOS TOCAN A UNHA, T\u00d3CANNOS A TODAS<\/span><\/span><\/p>\n<p align=\"center\"><span style=\"font-family: CIDFont+F1, serif;\"><span style=\"font-size: large;\">GOBERNE QUEN GOBERNE, OS DEREITOS E AS PENSI\u00d3NS P\u00daBLICAS DEF\u00c9NDENSE<\/span><\/span><\/p>\n<p align=\"justify\"><span style=\"font-family: CIDFont+F1, serif;\"><span style=\"font-size: large;\">ASJUBI40 <\/span><\/span><span style=\"font-family: CIDFont+F2, serif;\"><span style=\"font-size: large;\">(Asociaci\u00f3n Jubilaci\u00f3n Anticipada sin Penalizar)<\/span><\/span><\/p>\n<p align=\"justify\"><span style=\"font-family: CIDFont+F1, serif;\"><span style=\"font-size: large;\">COESPE <\/span><\/span><span style=\"font-family: CIDFont+F2, serif;\"><span style=\"font-size: large;\">(Coordinadora Estatal por la Defensa del Sistema P\u00fablico de Pensiones)<\/span><\/span><\/p>\n<p align=\"justify\"><span style=\"font-family: CIDFont+F1, serif;\"><span style=\"font-size: large;\">EHPM <\/span><\/span><span style=\"font-family: CIDFont+F2, serif;\"><span style=\"font-size: large;\">(Movimiento de Pensionistas de Euskal Herria)<\/span><\/span><\/p>\n<p align=\"justify\"><span style=\"font-family: CIDFont+F1, serif;\"><span style=\"font-size: large;\">MADPP <\/span><\/span><span style=\"font-family: CIDFont+F2, serif;\"><span style=\"font-size: large;\">(Moviminto Andaluz por la Defensa de las Pensiones P\u00fablicas)<\/span><\/span><\/p>\n<p align=\"justify\"><span style=\"font-family: CIDFont+F1, serif;\"><span style=\"font-size: large;\">MODEPEN <\/span><\/span><span style=\"font-family: CIDFont+F2, serif;\"><span style=\"font-size: large;\">(Movemento Galego en Defensa d\u00e1s Pensi\u00f3ns e dos Servizos P\u00fablicos)<\/span><\/span><\/p>\n<p align=\"justify\"><span style=\"font-family: CIDFont+F1, serif;\"><span style=\"font-size: large;\">UNIDADE COESPE <\/span><\/span><span style=\"font-family: CIDFont+F2, serif;\"><span style=\"font-size: large;\">(Coordinadora Estatal de Pensionistas)<\/span><\/span><\/p>\n<p align=\"justify\"><span style=\"font-family: CIDFont+F1, serif;\"><span style=\"font-size: large;\">PLATAFORMAS DE PENSIONISTAS <\/span><\/span><span style=\"font-family: CIDFont+F2, serif;\"><span style=\"font-size: large;\">de Badajoz, M\u00f3stoles\u2026<\/span><\/span><\/p>\n<p align=\"center\"><span style=\"font-family: CIDFont+F2, serif;\"><span style=\"font-size: large;\">\u00a0<\/span><\/span><\/p>\n","protected":false},"excerpt":{"rendered":"<p>Comunicado da Unidade de Acci\u00f3n dos Movementos Pensionistas 1 de xullo de 2024 As Plataformas e Movementos de pensionistas dos[&#8230;]<\/p>\n","protected":false},"author":3,"featured_media":3161,"comment_status":"closed","ping_status":"open","sticky":false,"template":"","format":"standard","meta":{"footnotes":""},"categories":[33,29],"tags":[],"class_list":["post-3158","post","type-post","status-publish","format-standard","has-post-thumbnail","hentry","category-novas-destacadas","category-outras-novas-miscelanea"],"_links":{"self":[{"href":"https:\/\/www.modepen.org\/index.php\/wp-json\/wp\/v2\/posts\/3158","targetHints":{"allow":["GET"]}}],"collection":[{"href":"https:\/\/www.modepen.org\/index.php\/wp-json\/wp\/v2\/posts"}],"about":[{"href":"https:\/\/www.modepen.org\/index.php\/wp-json\/wp\/v2\/types\/post"}],"author":[{"embeddable":true,"href":"https:\/\/www.modepen.org\/index.php\/wp-json\/wp\/v2\/users\/3"}],"replies":[{"embeddable":true,"href":"https:\/\/www.modepen.org\/index.php\/wp-json\/wp\/v2\/comments?post=3158"}],"version-history":[{"count":3,"href":"https:\/\/www.modepen.org\/index.php\/wp-json\/wp\/v2\/posts\/3158\/revisions"}],"predecessor-version":[{"id":3162,"href":"https:\/\/www.modepen.org\/index.php\/wp-json\/wp\/v2\/posts\/3158\/revisions\/3162"}],"wp:featuredmedia":[{"embeddable":true,"href":"https:\/\/www.modepen.org\/index.php\/wp-json\/wp\/v2\/media\/3161"}],"wp:attachment":[{"href":"https:\/\/www.modepen.org\/index.php\/wp-json\/wp\/v2\/media?parent=3158"}],"wp:term":[{"taxonomy":"category","embeddable":true,"href":"https:\/\/www.modepen.org\/index.php\/wp-json\/wp\/v2\/categories?post=3158"},{"taxonomy":"post_tag","embeddable":true,"href":"https:\/\/www.modepen.org\/index.php\/wp-json\/wp\/v2\/tags?post=3158"}],"curies":[{"name":"wp","href":"https:\/\/api.w.org\/{rel}","templated":true}]}}