{"id":3222,"date":"2024-10-19T21:39:26","date_gmt":"2024-10-19T19:39:26","guid":{"rendered":"https:\/\/www.modepen.org\/?p=3222"},"modified":"2024-10-19T21:40:35","modified_gmt":"2024-10-19T19:40:35","slug":"a-defensa-das-pensions-publicas-como-un-dereito-adquirido-de-caracter-salarial","status":"publish","type":"post","link":"https:\/\/www.modepen.org\/index.php\/2024\/10\/19\/a-defensa-das-pensions-publicas-como-un-dereito-adquirido-de-caracter-salarial\/","title":{"rendered":"A defensa das pensi\u00f3ns p\u00fablicas como un dereito adquirido de car\u00e1cter salarial."},"content":{"rendered":"<p align=\"justify\">Na recente asemblea de Modep\u00e9n do 21 de setembro deste ano acordouse engadir no documento \u201cAs ideas que nos unen\u201d (que v\u00e9n ser o noso programa) unha definici\u00f3n da natureza das pensi\u00f3ns polas que loitamos. En concreto acordouse engadir os dous par\u00e1grafos seguintes (na asemblea quedou pendente dun maior debate un terceiro par\u00e1grafo):<\/p>\n<p align=\"justify\"><i>&#8211; Entendemos que <b>as pensi\u00f3ns contributivas son un dereito adquirido de car\u00e1cter salarial<\/b> derivado das contribuci\u00f3ns realizadas a ra\u00edz da relaci\u00f3n laboral que motivou as mesmas. <\/i><\/p>\n<p align=\"justify\"><i>&#8211; Entendemos que <\/i><i><b>as pensi\u00f3ns non contributivas derivan do dereito humano a unha vida material digna<\/b><\/i><i>, de especial relevancia en persoas que, precisamente por ser pensionistas por idade ou por discapacidade, non poden traballar.<\/i><\/p>\n<p align=\"justify\">Neste artigo, publicado no xornal dixital \u201cPraza.gal\u201d, o noso compa\u00f1eiro Bieito Lorenzo publica para a s\u00faa difusi\u00f3n as que, na s\u00faa opini\u00f3n, son as raz\u00f3ns que nos levaron a aprobar o primeiro par\u00e1grafo, o relativo \u00e1s pensi\u00f3ns contributivas, deixando para un pr\u00f3ximo artigo, as raz\u00f3ns do segundo.<\/p>\n<p align=\"justify\">Documento: <a href=\"https:\/\/praza.gal\/opinion\/a-defensa-das-pensions-publicas-como-un-dereito-adquirido-de-caracter-salarial#sdendnote2sym\" target=\"_blank\" rel=\"noopener\">A defensa das pensi\u00f3ns p\u00fablicas como un dereito adquirido de car\u00e1cter salarial.<\/a><\/p>\n<p align=\"justify\">Aproveita a publicaci\u00f3n do artigo para informar das seguintes datas de interese:<\/p>\n<p align=\"justify\">&#8211; <a href=\"https:\/\/www.modepen.org\/index.php\/events\/manifestacion-de-pensionistas-en-madrid-el-26-de-octubre-la-movilizacion-es-nuestra-fuerza\/\" target=\"_blank\" rel=\"noopener\">26 de decembro, manifestaci\u00f3n en Madrid.<\/a><\/p>\n<p align=\"justify\">&#8211; <a href=\"https:\/\/www.modepen.org\/index.php\/2024\/09\/24\/a-batalla-polas-pensions-de-marzo-de-2025\/\">Marzo de 2025, cando se realizar\u00e1 a primeira avaliaci\u00f3n da evoluci\u00f3n dos gastos e ingresos do sistema de Seguridade Social prevista na Disposici\u00f3n Adicional Segunda do Real Decreto-Lei 2\/2023.<\/a><\/p>\n<p align=\"justify\">\n","protected":false},"excerpt":{"rendered":"<p>Na recente asemblea de Modep\u00e9n do 21 de setembro deste ano acordouse engadir no documento \u201cAs ideas que nos unen\u201d[&#8230;]<\/p>\n","protected":false},"author":3,"featured_media":3223,"comment_status":"closed","ping_status":"open","sticky":false,"template":"","format":"standard","meta":{"footnotes":""},"categories":[33,30],"tags":[],"class_list":["post-3222","post","type-post","status-publish","format-standard","has-post-thumbnail","hentry","category-novas-destacadas","category-pensions"],"_links":{"self":[{"href":"https:\/\/www.modepen.org\/index.php\/wp-json\/wp\/v2\/posts\/3222","targetHints":{"allow":["GET"]}}],"collection":[{"href":"https:\/\/www.modepen.org\/index.php\/wp-json\/wp\/v2\/posts"}],"about":[{"href":"https:\/\/www.modepen.org\/index.php\/wp-json\/wp\/v2\/types\/post"}],"author":[{"embeddable":true,"href":"https:\/\/www.modepen.org\/index.php\/wp-json\/wp\/v2\/users\/3"}],"replies":[{"embeddable":true,"href":"https:\/\/www.modepen.org\/index.php\/wp-json\/wp\/v2\/comments?post=3222"}],"version-history":[{"count":4,"href":"https:\/\/www.modepen.org\/index.php\/wp-json\/wp\/v2\/posts\/3222\/revisions"}],"predecessor-version":[{"id":3227,"href":"https:\/\/www.modepen.org\/index.php\/wp-json\/wp\/v2\/posts\/3222\/revisions\/3227"}],"wp:featuredmedia":[{"embeddable":true,"href":"https:\/\/www.modepen.org\/index.php\/wp-json\/wp\/v2\/media\/3223"}],"wp:attachment":[{"href":"https:\/\/www.modepen.org\/index.php\/wp-json\/wp\/v2\/media?parent=3222"}],"wp:term":[{"taxonomy":"category","embeddable":true,"href":"https:\/\/www.modepen.org\/index.php\/wp-json\/wp\/v2\/categories?post=3222"},{"taxonomy":"post_tag","embeddable":true,"href":"https:\/\/www.modepen.org\/index.php\/wp-json\/wp\/v2\/tags?post=3222"}],"curies":[{"name":"wp","href":"https:\/\/api.w.org\/{rel}","templated":true}]}}