{"id":3289,"date":"2024-12-23T21:35:12","date_gmt":"2024-12-23T20:35:12","guid":{"rendered":"https:\/\/www.modepen.org\/?p=3289"},"modified":"2024-12-23T21:40:59","modified_gmt":"2024-12-23T20:40:59","slug":"2025-revalorizacion-das-pensions-pero-ameazas-no-horizonte","status":"publish","type":"post","link":"https:\/\/www.modepen.org\/index.php\/2024\/12\/23\/2025-revalorizacion-das-pensions-pero-ameazas-no-horizonte\/","title":{"rendered":"2025: Revalorizaci\u00f3n das pensi\u00f3ns, pero ameazas no horizonte."},"content":{"rendered":"<p lang=\"gl-ES\" style=\"text-align: center;\" align=\"JUSTIFY\"><span style=\"font-size: x-large;\"><b>Comunicado da Unidade de Acci\u00f3n. <\/b><\/span><\/p>\n<p lang=\"gl-ES\" align=\"JUSTIFY\"><b>O comunicado da Unidade de Acci\u00f3n dos Movementos Pensionistas <\/b>c\u00e9ntrase en:<\/p>\n<p lang=\"gl-ES\" align=\"JUSTIFY\">\u00a0\u00a0\u00a0\u00a0\u00a0 1)\u00a0 O incremento das pensi\u00f3ns para 2025.<\/p>\n<p lang=\"gl-ES\" align=\"JUSTIFY\">\u00a0\u00a0\u00a0\u00a0 2)\u00a0 A batalla polo relato sobre a suposta crise do sistema de pensi\u00f3ns p\u00fablicas<u>.<\/u><\/p>\n<p lang=\"gl-ES\" align=\"JUSTIFY\">\u00a0\u00a0\u00a0\u00a0 3) A necesidade dunha reforma fiscal.<\/p>\n<p lang=\"gl-ES\" align=\"JUSTIFY\">\u00a0\u00a0 4)\u00a0 A preocupaci\u00f3n polo aviso de \u201cautoridades competentes\u201d respecto ao \u201cestado de benestar\u201d inclu\u00eddas as pensi\u00f3ns p\u00fablicas.<\/p>\n<p lang=\"gl-ES\" align=\"JUSTIFY\">\u00a0\u00a0\u00a0\u00a0 5)\u00a0 A necesidade da mobilizaci\u00f3n.<\/p>\n<p lang=\"gl-ES\" align=\"JUSTIFY\"><b>1) As pensi\u00f3ns revalor\u00edzanse nun 2,8%<\/b>, ao aplicar a media do IPC dos doce meses anteriores a decembro de 2024, en lugar do IPC total anual. Isto sup\u00f3n <b>recuperar un 0,4% sobre a inflaci\u00f3n anual<\/b>.<\/p>\n<p lang=\"gl-ES\" align=\"JUSTIFY\">Sobre esta revalorizaci\u00f3n val\u00f3rase: <b>Que sup\u00f3n unha vitoria do movemento, pero que, ao tempo<\/b>, <i>significa unha perda acumulada desde o 2011. Q<\/i>ue c\u00f3mpre empezar o <i>debate do concepto do custe da vida<\/i> (mencionando o brutal incremento do prezo dos alimentos en relaci\u00f3n ao IPC xeral) Que hai un <i>empeoramento relativo das pensi\u00f3ns m\u00ednimas respecto ao SMI<\/i> e que non hai <i>noticias sobre a reivindicaci\u00f3n da derrogaci\u00f3n dos coeficientes redutores da xubilaci\u00f3n anticipada con 40 anos cotizados.<\/i> <b>Por iso reivind\u00edcase:<\/b><\/p>\n<p lang=\"gl-ES\" align=\"JUSTIFY\">&#8211; <i>Recuperar o poder adquisitivo das pensi\u00f3ns<\/i> demandando recuperar a paga compensatoria vixente ata o 2023. (paga compensatoria en xaneiro de 2025 do 4%).<\/p>\n<p lang=\"gl-ES\" align=\"JUSTIFY\">&#8211; <i>Equiparar por lei as Pensi\u00f3ns M\u00ednimas ao 100% do SMI.<\/i><\/p>\n<p lang=\"gl-ES\" align=\"JUSTIFY\">&#8211; <i>Derrogar os coeficientes redutores da xubilaci\u00f3n anticipada con 40 anos cotizados<\/i><b>.<\/b><\/p>\n<p lang=\"gl-ES\" align=\"JUSTIFY\"><strong>2)<\/strong> Seguimos enfrontando o <b>relato da suposta crise do sistema de pensi\u00f3ns p\u00fablicas<\/b>. A pesar do informe do Tribunal de Contas, que estimou entre 1989 e 2018 gastos impropios da SS por un valor de <i>104 mil mill\u00f3ns de euros,<\/i> <span lang=\"es-ES\">d<\/span>o aumento da a<span style=\"font-size: medium;\">filiaci\u00f3n at\u00e9 <\/span><span style=\"font-size: medium;\"><i>m\u00e1is de 21 mill\u00f3ns de traballadoras e traballadores<\/i><\/span><span style=\"font-size: medium;\"> e <\/span><span style=\"font-size: medium;\"><span lang=\"es-ES\">\u00e1<\/span><\/span><span style=\"font-size: medium;\"> espera da <\/span><span style=\"font-size: medium;\"><i>auditor\u00eda da Seguridade Social decidida<\/i><\/span><span style=\"font-size: medium;\"><span lang=\"es-ES\"><i> na lei d<\/i><\/span><\/span><span style=\"font-size: medium;\"><i>o ano 2021<\/i><\/span><span style=\"font-size: medium;\">. A pesar de que <\/span><span style=\"font-size: medium;\"><b>hai recursos suficientes para mellorar e manter o sistema p\u00fablico de pensi\u00f3ns, debemos estar atentos a marzo de 2025<\/b><\/span><span style=\"font-size: medium;\"> cando a Autoridade Independente de Responsabilidade Fiscal (AIReF) realizar\u00e1 a primeira avaliaci\u00f3n da evoluci\u00f3n dos gastos e ingresos do sistema de Seguridade Social. Sabemos que hai forzas interesadas nun resultado negativo desa avaliaci\u00f3n (ver: <a href=\"https:\/\/www.modepen.org\/wp-content\/uploads\/2024\/09\/Avaliacion-marzo-2025-Documento.pdf)\" target=\"_blank\" rel=\"noopener\">https:\/\/www.modepen.org\/wp-content\/uploads\/2024\/09\/Avaliacion-marzo-2025-Documento.pdf)<\/a>.<br \/>\n<\/span><\/p>\n<p lang=\"gl-ES\" align=\"JUSTIFY\"><strong><span style=\"font-size: medium;\">3) <\/span><\/strong><span style=\"font-size: medium;\"><span lang=\"es-ES\"><b>Es\u00edxese<\/b><\/span><\/span><span style=\"font-size: medium;\"><b> unha reforma fiscal<\/b><\/span><span style=\"font-size: medium;\">, para que paguen m\u00e1is os que m\u00e1is ga\u00f1an e te\u00f1en para garantir os servizos p\u00fablicos e o investimento produtivo para impulsar un modelo de desenvolvemento social e medioambiental eficiente e xusto. Igualmente <\/span><span style=\"font-size: medium;\"><b>\u00e9 imprescindible unha mellora substancial de salarios e pensi\u00f3ns<\/b><\/span><span style=\"font-size: medium;\">, especialmente dos m\u00e1s baixos, e <\/span><span style=\"font-size: medium;\"><b>erradicar a fenda de x\u00e9nero <\/b><\/span><span style=\"font-size: medium;\">nos ingresos.<\/span><\/p>\n<p lang=\"gl-ES\" align=\"JUSTIFY\"><span style=\"font-size: medium;\"><strong>4<\/strong>) <\/span><span style=\"font-size: medium;\"><b>A Unidade de Acci\u00f3n observa con preocupaci\u00f3n o marco internacional<\/b><\/span><span style=\"font-size: medium;\">. <\/span><span style=\"font-size: medium;\"><span lang=\"es-ES\">Menciona a<\/span><\/span><span style=\"font-size: medium;\">s declaraci\u00f3ns do novo secretario xeral da OTAN chamando a incrementar o gasto militar<\/span><span style=\"font-size: medium;\"><span lang=\"es-ES\"> \u00e1 <\/span><\/span><span style=\"font-size: medium;\">conta de erosionar o gasto social e, explicitamente, as pensi\u00f3ns, a\u00ednda m\u00e1is<\/span><span style=\"font-size: medium;\"><span lang=\"es-ES\"> preocupante <\/span><\/span><span style=\"font-size: medium;\">porque non se escoitan voces contrarias desde as instituci\u00f3ns.<\/span><a href=\"https:\/\/es.euronews.com\/my-europe\/2024\/12\/12\/rutte-pide-a-los-ciudadanos-europeos-sacrificios-para-aumentar-el-gasto-en-defensa\" target=\"_blank\" rel=\"noopener\"> (https:\/\/es.euronews.com\/my-europe\/2024\/12\/12\/rutte-pide-a-los-ciudadanos-europeos-sacrificios-para-aumentar-el-gasto-en-defensa )<\/a><\/p>\n<p lang=\"gl-ES\" align=\"JUSTIFY\"><span style=\"font-size: medium;\"><strong>5)<\/strong> Por todo isto <\/span><span style=\"font-size: medium;\"><span lang=\"es-ES\">a<\/span><\/span><span style=\"font-size: medium;\"> UA fai un chamamento \u00e1s persoas pensionistas en particular e \u00e1 xente traballadora en xeral a preparar unha defensa<\/span><span style=\"font-size: medium;\"><span lang=\"es-ES\"> activa <\/span><\/span><span style=\"font-size: medium;\">dos nosos dereitos este ano que se abre.<\/span><span style=\"font-size: medium;\"><b> A unidade e a mobilizaci\u00f3n ser\u00e1n m\u00e1is necesarias ca nunca.<\/b><\/span><\/p>\n<p lang=\"gl-ES\" align=\"JUSTIFY\"><a href=\"https:\/\/www.modepen.org\/wp-content\/uploads\/2024\/12\/Manifesto-decembro-2024.pdf\" target=\"_blank\" rel=\"noopener\">Podemos acceder ao comunicado completo desde aqu\u00ed.<\/a><\/p>\n<p lang=\"gl-ES\" align=\"JUSTIFY\">\n","protected":false},"excerpt":{"rendered":"<p>Comunicado da Unidade de Acci\u00f3n. O comunicado da Unidade de Acci\u00f3n dos Movementos Pensionistas c\u00e9ntrase en: \u00a0\u00a0\u00a0\u00a0\u00a0 1)\u00a0 O incremento[&#8230;]<\/p>\n","protected":false},"author":3,"featured_media":3291,"comment_status":"closed","ping_status":"open","sticky":false,"template":"","format":"standard","meta":{"footnotes":""},"categories":[33,30],"tags":[],"class_list":["post-3289","post","type-post","status-publish","format-standard","has-post-thumbnail","hentry","category-novas-destacadas","category-pensions"],"_links":{"self":[{"href":"https:\/\/www.modepen.org\/index.php\/wp-json\/wp\/v2\/posts\/3289","targetHints":{"allow":["GET"]}}],"collection":[{"href":"https:\/\/www.modepen.org\/index.php\/wp-json\/wp\/v2\/posts"}],"about":[{"href":"https:\/\/www.modepen.org\/index.php\/wp-json\/wp\/v2\/types\/post"}],"author":[{"embeddable":true,"href":"https:\/\/www.modepen.org\/index.php\/wp-json\/wp\/v2\/users\/3"}],"replies":[{"embeddable":true,"href":"https:\/\/www.modepen.org\/index.php\/wp-json\/wp\/v2\/comments?post=3289"}],"version-history":[{"count":5,"href":"https:\/\/www.modepen.org\/index.php\/wp-json\/wp\/v2\/posts\/3289\/revisions"}],"predecessor-version":[{"id":3295,"href":"https:\/\/www.modepen.org\/index.php\/wp-json\/wp\/v2\/posts\/3289\/revisions\/3295"}],"wp:featuredmedia":[{"embeddable":true,"href":"https:\/\/www.modepen.org\/index.php\/wp-json\/wp\/v2\/media\/3291"}],"wp:attachment":[{"href":"https:\/\/www.modepen.org\/index.php\/wp-json\/wp\/v2\/media?parent=3289"}],"wp:term":[{"taxonomy":"category","embeddable":true,"href":"https:\/\/www.modepen.org\/index.php\/wp-json\/wp\/v2\/categories?post=3289"},{"taxonomy":"post_tag","embeddable":true,"href":"https:\/\/www.modepen.org\/index.php\/wp-json\/wp\/v2\/tags?post=3289"}],"curies":[{"name":"wp","href":"https:\/\/api.w.org\/{rel}","templated":true}]}}