{"id":3325,"date":"2025-02-03T10:43:29","date_gmt":"2025-02-03T09:43:29","guid":{"rendered":"https:\/\/www.modepen.org\/?p=3325"},"modified":"2025-02-03T22:04:14","modified_gmt":"2025-02-03T21:04:14","slug":"nota-de-prensa-da-unidade-de-accion-das-plataformas-e-movementos-de-pensionistas-de-pobos-e-comunidades-do-estado","status":"publish","type":"post","link":"https:\/\/www.modepen.org\/index.php\/2025\/02\/03\/nota-de-prensa-da-unidade-de-accion-das-plataformas-e-movementos-de-pensionistas-de-pobos-e-comunidades-do-estado\/","title":{"rendered":"Nota de prensa da unidade de acci\u00f3n das plataformas e movementos de pensionistas de Pobos e Comunidades do Estado."},"content":{"rendered":"<p style=\"text-align: left;\">3 de febreiro de 2025<\/p>\n<p>Tras co\u00f1ecer que novamente est\u00e1 en vigor o incremento das pensi\u00f3ns para 2025 as\u00ed como outras medidas que forman parte do denominado escudo social <strong>deixamos sen efecto, de momento, as mobilizaci\u00f3ns que anunciaramos<\/strong> no caso de que non se houbera reconducido a situaci\u00f3n creada o pasado d\u00eda 22 de xaneiro.<\/p>\n<p style=\"text-align: left;\">Con todo, as plataformas e movementos de pensionistas abaixo firmantes <strong>reiteramos a nosa indignaci\u00f3n polo mal trato escenificado<\/strong> <strong>no Congreso dos <\/strong><strong>Deputados: o incumprimento da lei<\/strong> contra un dereito fundamental, <strong>como a <\/strong><strong>revalorizaci\u00f3n das pensi\u00f3ns.<\/strong> Isto \u00e9 algo que nunca m\u00e1is debe repetirse, esiximos aos partidos pol\u00edticos plenas garant\u00edas para que as\u00ed sexa.<\/p>\n<p style=\"text-align: left;\"><strong>Valoramos positivamente os apoios de todo tipo que recollemos<\/strong>, e que a nosa esixencia fose atendida. Nesta ocasi\u00f3n, o facer p\u00fablica a convocatoria de manifestaci\u00f3ns masivas, a nivel de todos os territorios do Estado, <strong>conseguiu impedir que traspasasen unha li\u00f1a vermella infranqueable<\/strong>. A mobilizaci\u00f3n, unha vez m\u00e1is, foi a garant\u00eda para conseguir as nosas reivindicaci\u00f3ns, <strong>e facer rectificar a quen tentou vulnerar os nosos dereitos<\/strong>. Queremos deixar claro que <strong>calquera intento de volver \u00e1 situaci\u00f3n anterior a 2018 \u00e9 totalmente inaceptable<\/strong> e reafirmamos <strong>a nosa decidida vontade de sa\u00edr \u00e1 r\u00faa para impedilo<\/strong>.<\/p>\n<p style=\"text-align: left;\"><strong>Denunciamos tam\u00e9n que nese mesmo pleno do d\u00eda 22 de xaneiro e nesa ocasi\u00f3n cos votos do PP sumados aos do PSOE, Sumar, ERC, PNV, CC e UPN, aprob\u00e1sese o decreto 11\/2024<\/strong>, que pretende compensar baixos salarios e pensi\u00f3ns compaxinando traballo e pensi\u00f3n mediante o aumento da idade de xubilaci\u00f3n <strong>que pode chegar<\/strong> ata os 72 anos.<\/p>\n<p style=\"text-align: left;\"><strong>Esta lei, a\u00ednda que se di voluntaria, atrasar\u00e1 a idade de xubilaci\u00f3n, en especial \u00e1s persoas con peores traballos (na s\u00faa maior\u00eda, mulleres), salarios e pensi\u00f3ns ata equiparar idade de xubilaci\u00f3n con esperanza de vida<\/strong>. Este decreto tam\u00e9n <strong>sup\u00f3n para a mocidade retardar e deificultar a s\u00faa incorporaci\u00f3n ao traballo, e fomenta a precarizaci\u00f3n das s\u00faas condici\u00f3ns laborais<\/strong>. Como xa dixemos no noso comunicado do 5 de agosto de 2024, isto tam\u00e9n <strong>\u00e9 inaceptable.<\/strong><\/p>\n<p style=\"text-align: left;\">Por iso, <strong>seguiremos na r\u00faa<\/strong> como o vimos facendo desde fai m\u00e1is de sete anos, <strong>defendendo o Sistema P\u00fablico de Pensi\u00f3ns contra os intentos de privatizaci\u00f3n, opo\u00f1\u00e9ndonos \u00e1 prolongaci\u00f3n da idade de xubilaci\u00f3n<\/strong>, voluntaria ou non, <strong>esixindo o cumprimento da lei e a consecuente realizaci\u00f3n da auditor\u00eda das contas da Seguridade Social e a mellora substancial dos salarios impedindo a perda de poder adquisitivo para garantir a dignidade das pensi\u00f3ns p\u00fablicas<\/strong>.<\/p>\n<p><strong>GOBERNE QUEN GOBERNE, AS PENSI\u00d3NS E OS DEREITOS DEF\u00c9NDENSE!<\/strong><\/p>\n<p><strong>COESPE<\/strong> (Coordinadora Estatal por la Defensa del Sistema P\u00fablico de Pensiones)<br \/>\n<strong>EHPM<\/strong> (Movimiento de Pensionistas de Euskal Herria)<br \/>\n<strong>MADPP<\/strong> (Movimiento Andaluz por la Defensa de las Pensi\u00f3ns P\u00fablicas)<br \/>\n<strong>MODEPEN<\/strong> (Movemento Galego en Defensa das Pensi\u00f3ns e dos Servizos P\u00fablicos)<br \/>\n<strong>UNIDADE COESPE<\/strong> (Coordinadora Estatal de Pensionistas)<br \/>\n<strong>PLATAFORMAS DE PENSIONISTAS de Badajoz, M\u00f3stoles\u2026<\/strong><\/p>\n<p>Ligaz\u00f3n ao documento <a href=\"https:\/\/www.modepen.org\/wp-content\/uploads\/2025\/02\/Comunicado-de-U.A.-03-02-2025.pdf\" target=\"_blank\" rel=\"noopener\">Comunicado de U.A. 03-02-2025<\/a><\/p>\n","protected":false},"excerpt":{"rendered":"<p>3 de febreiro de 2025 Tras co\u00f1ecer que novamente est\u00e1 en vigor o incremento das pensi\u00f3ns para 2025 as\u00ed como[&#8230;]<\/p>\n","protected":false},"author":3,"featured_media":3326,"comment_status":"closed","ping_status":"open","sticky":false,"template":"","format":"standard","meta":{"footnotes":""},"categories":[33,30],"tags":[],"class_list":["post-3325","post","type-post","status-publish","format-standard","has-post-thumbnail","hentry","category-novas-destacadas","category-pensions"],"_links":{"self":[{"href":"https:\/\/www.modepen.org\/index.php\/wp-json\/wp\/v2\/posts\/3325","targetHints":{"allow":["GET"]}}],"collection":[{"href":"https:\/\/www.modepen.org\/index.php\/wp-json\/wp\/v2\/posts"}],"about":[{"href":"https:\/\/www.modepen.org\/index.php\/wp-json\/wp\/v2\/types\/post"}],"author":[{"embeddable":true,"href":"https:\/\/www.modepen.org\/index.php\/wp-json\/wp\/v2\/users\/3"}],"replies":[{"embeddable":true,"href":"https:\/\/www.modepen.org\/index.php\/wp-json\/wp\/v2\/comments?post=3325"}],"version-history":[{"count":4,"href":"https:\/\/www.modepen.org\/index.php\/wp-json\/wp\/v2\/posts\/3325\/revisions"}],"predecessor-version":[{"id":3331,"href":"https:\/\/www.modepen.org\/index.php\/wp-json\/wp\/v2\/posts\/3325\/revisions\/3331"}],"wp:featuredmedia":[{"embeddable":true,"href":"https:\/\/www.modepen.org\/index.php\/wp-json\/wp\/v2\/media\/3326"}],"wp:attachment":[{"href":"https:\/\/www.modepen.org\/index.php\/wp-json\/wp\/v2\/media?parent=3325"}],"wp:term":[{"taxonomy":"category","embeddable":true,"href":"https:\/\/www.modepen.org\/index.php\/wp-json\/wp\/v2\/categories?post=3325"},{"taxonomy":"post_tag","embeddable":true,"href":"https:\/\/www.modepen.org\/index.php\/wp-json\/wp\/v2\/tags?post=3325"}],"curies":[{"name":"wp","href":"https:\/\/api.w.org\/{rel}","templated":true}]}}