{"id":3398,"date":"2025-03-31T09:29:07","date_gmt":"2025-03-31T07:29:07","guid":{"rendered":"https:\/\/www.modepen.org\/?p=3398"},"modified":"2025-03-31T09:30:50","modified_gmt":"2025-03-31T07:30:50","slug":"modepen-apoia-a-manifestacion-de-sos-sanidade-publica-en-compostela-o-06-04-2025","status":"publish","type":"post","link":"https:\/\/www.modepen.org\/index.php\/2025\/03\/31\/modepen-apoia-a-manifestacion-de-sos-sanidade-publica-en-compostela-o-06-04-2025\/","title":{"rendered":"Modepen apoia a manifestaci\u00f3n de SOS Sanidade P\u00fablica en Compostela o 06-04-2025."},"content":{"rendered":"<p align=\"JUSTIFY\"><span style=\"color: #383838;\"><span style=\"font-family: Times New Roman, serif;\"><span style=\"font-size: large;\">Por terceiro ano consecutivo SOS Sanidade P\u00fablica convoca a todos\/as os\/as galegos\/as a sa\u00edr \u00e1 r\u00faa o vindeiro <b>6 de abril, \u00e1s doce horas<\/b>, en Compostela<a class=\"sdfootnoteanc\" href=\"#sdfootnote1sym\" name=\"sdfootnote1anc\"><sup>1<\/sup><\/a> esixindo \u201cM\u00c1IS SANIDADE P\u00daBLICA\u201d.<\/span><\/span><\/span><\/p>\n<p align=\"JUSTIFY\"><span style=\"color: #383838;\"><span style=\"font-family: Times New Roman, serif;\"><span style=\"font-size: large;\">Desde Modepen apoiamos esta convocatoria porque, como deciamos hai practicamente un ano, \u201c<b>a Sanidade P\u00fablica Galega segue en coma, na \u00faltima fase do seu desmantelament<\/b>o\u201d e porque segue a ser necesaria \u201c<b>unha gran mobilizaci\u00f3n social e profesional para cambiar esa situaci\u00f3n aberrante e inacept\u00e1bel<\/b>\u201d.<\/span><\/span><\/span><\/p>\n<p align=\"JUSTIFY\"><span style=\"color: #383838;\"><span style=\"font-family: Times New Roman, serif;\"><span style=\"font-size: large;\">Este ano a convocatoria c\u00e9ntrase nos seguintes puntos: <\/span><\/span><\/span><\/p>\n<p align=\"JUSTIFY\"><strong><span style=\"color: #383838;\"><span style=\"font-family: Times New Roman, serif;\"><span style=\"font-size: large;\"><b>M\u00c1IS ATENCI\u00d3N PRIMARIA<\/b><\/span><\/span><\/span><\/strong><\/p>\n<p align=\"JUSTIFY\"><span style=\"color: #383838;\"><span style=\"font-family: Times New Roman, serif;\"><span style=\"font-size: large;\">Centros\u00a0de sa\u00fade e <b>PAC dotados de persoal suficiente<\/b> de todas as categor\u00edas, ben equipados, accesibles en 24-48 horas m\u00e1ximo, con consultas presenciais a solicitude do paciente. Reorientar a Atenci\u00f3n Primaria \u00e1 <b>promoci\u00f3n, prevenci\u00f3n, traballo comunitario e a participaci\u00f3n social<\/b>. Garantir o modelo de <b>Atenci\u00f3n primaria con especialistas de pediatr\u00eda<\/b> nos centros de sa\u00fade. Reforzar a capacidade da Atenci\u00f3n Primaria de dar resposta aos problemas de <b>sa\u00fade mental coa presenza da psicolox\u00eda cl\u00ednica<\/b>.<\/span><\/span><\/span><\/p>\n<p align=\"JUSTIFY\"><strong><span style=\"color: #383838;\"><span style=\"font-family: Times New Roman, serif;\"><span style=\"font-size: large;\"><b>M\u00c1IS ATENCI\u00d3N HOSPITALARIA<\/b><\/span><\/span><\/span><\/strong><\/p>\n<p align=\"JUSTIFY\"><span style=\"color: #383838;\"><span style=\"font-family: Times New Roman, serif;\"><span style=\"font-size: large;\"><b>Utilizaci\u00f3n plena dos recursos<\/b> instalados en hospitais ma\u00f1\u00e1 e tarde. <b>Recuperar os recortes<\/b> nos hospitais comarcais. <b>Acabar coa pol\u00edtica de concertaci\u00f3n coa privada<\/b> e restituci\u00f3n ao sistema p\u00fablico dos centros privatizados. <b>Plans para reducir listas de espera<\/b> e a rematar coa ocultaci\u00f3n das mesmas.<b> Reforzar as unidades de sa\u00fade mental <\/b>tanto de adultos como infanto infanto-xuvenil. <b>Acabar coa precariedade<\/b> laboral do persoal. Esixencia da <b>dedicaci\u00f3n exclusiva <\/b>ao persoal m\u00e9dico.<\/span><\/span><\/span><\/p>\n<p align=\"JUSTIFY\"><strong><span style=\"color: #383838;\"><span style=\"font-family: Times New Roman, serif;\"><span style=\"font-size: large;\"><b>M\u00c1IS SANIDADE P\u00daBLICA<\/b><\/span><\/span><\/span><\/strong><\/p>\n<p align=\"JUSTIFY\"><span style=\"font-size: large;\"><span style=\"color: #383838;\"><span style=\"font-family: Times New Roman, serif;\"><b>Incrementar o orzamento sanitario p\u00fablico<\/b><\/span><\/span><span style=\"color: #383838;\"><span style=\"font-family: Times New Roman, serif;\">. <\/span><\/span><span style=\"color: #383838;\"><span style=\"font-family: Times New Roman, serif;\">E<\/span><\/span><span style=\"color: #383838;\"><span style=\"font-family: Times New Roman, serif;\">laborar un <\/span><\/span><span style=\"color: #383838;\"><span style=\"font-family: Times New Roman, serif;\"><b>Plan de Sa\u00fade Galego<\/b><\/span><\/span><span style=\"color: #383838;\"><span style=\"font-family: Times New Roman, serif;\"> que adapte os recursos \u00e1s necesidades. <\/span><\/span><span style=\"color: #383838;\"><span style=\"font-family: Times New Roman, serif;\"><b>R<\/b><\/span><\/span><span style=\"color: #383838;\"><span style=\"font-family: Times New Roman, serif;\"><b>ecuperar os servizos privatizados<\/b><\/span><\/span><span style=\"color: #383838;\"><span style=\"font-family: Times New Roman, serif;\"> e as \u00e1reas sanitarias pechadas. <\/span><\/span><span style=\"color: #383838;\"><span style=\"font-family: Times New Roman, serif;\"><b>P<\/b><\/span><\/span><span style=\"color: #383838;\"><span style=\"font-family: Times New Roman, serif;\"><b>otenciar a Sa\u00fade P\u00fablica<\/b><\/span><\/span><span style=\"color: #383838;\"><span style=\"font-family: Times New Roman, serif;\"> para combater os riscos e as epidemias para a sa\u00fade.<\/span><\/span><\/span><\/p>\n<div id=\"sdfootnote1\">\n<p><a href=\"https:\/\/sossanidadepublica.wordpress.com\/2025\/03\/12\/manifestacion-6-abril-santiago-de-compostela\/\" target=\"_blank\" rel=\"noopener\">https:\/\/sossanidadepublica.wordpress.com\/2025\/03\/12\/manifestacion-6-abril-santiago-de-compostela\/<\/a><\/p>\n<\/div>\n","protected":false},"excerpt":{"rendered":"<p>Por terceiro ano consecutivo SOS Sanidade P\u00fablica convoca a todos\/as os\/as galegos\/as a sa\u00edr \u00e1 r\u00faa o vindeiro 6 de[&#8230;]<\/p>\n","protected":false},"author":3,"featured_media":3382,"comment_status":"closed","ping_status":"open","sticky":false,"template":"","format":"standard","meta":{"footnotes":""},"categories":[28,33,35,29],"tags":[],"class_list":["post-3398","post","type-post","status-publish","format-standard","has-post-thumbnail","hentry","category-movilizacions","category-novas-destacadas","category-outras-novas","category-outras-novas-miscelanea"],"_links":{"self":[{"href":"https:\/\/www.modepen.org\/index.php\/wp-json\/wp\/v2\/posts\/3398","targetHints":{"allow":["GET"]}}],"collection":[{"href":"https:\/\/www.modepen.org\/index.php\/wp-json\/wp\/v2\/posts"}],"about":[{"href":"https:\/\/www.modepen.org\/index.php\/wp-json\/wp\/v2\/types\/post"}],"author":[{"embeddable":true,"href":"https:\/\/www.modepen.org\/index.php\/wp-json\/wp\/v2\/users\/3"}],"replies":[{"embeddable":true,"href":"https:\/\/www.modepen.org\/index.php\/wp-json\/wp\/v2\/comments?post=3398"}],"version-history":[{"count":2,"href":"https:\/\/www.modepen.org\/index.php\/wp-json\/wp\/v2\/posts\/3398\/revisions"}],"predecessor-version":[{"id":3400,"href":"https:\/\/www.modepen.org\/index.php\/wp-json\/wp\/v2\/posts\/3398\/revisions\/3400"}],"wp:featuredmedia":[{"embeddable":true,"href":"https:\/\/www.modepen.org\/index.php\/wp-json\/wp\/v2\/media\/3382"}],"wp:attachment":[{"href":"https:\/\/www.modepen.org\/index.php\/wp-json\/wp\/v2\/media?parent=3398"}],"wp:term":[{"taxonomy":"category","embeddable":true,"href":"https:\/\/www.modepen.org\/index.php\/wp-json\/wp\/v2\/categories?post=3398"},{"taxonomy":"post_tag","embeddable":true,"href":"https:\/\/www.modepen.org\/index.php\/wp-json\/wp\/v2\/tags?post=3398"}],"curies":[{"name":"wp","href":"https:\/\/api.w.org\/{rel}","templated":true}]}}