{"id":3412,"date":"2025-04-23T10:35:46","date_gmt":"2025-04-23T08:35:46","guid":{"rendered":"https:\/\/www.modepen.org\/?p=3412"},"modified":"2025-04-23T10:35:46","modified_gmt":"2025-04-23T08:35:46","slug":"a-ue-quere-roubarnos-as-pensions","status":"publish","type":"post","link":"https:\/\/www.modepen.org\/index.php\/2025\/04\/23\/a-ue-quere-roubarnos-as-pensions\/","title":{"rendered":"A UE quere roubarnos as pensi\u00f3ns."},"content":{"rendered":"<p align=\"justify\"><strong>Modepen<\/strong> acordou adherirse ao <strong>manifesto <i>\u201cA UE quere roubarnos as pensi\u00f3ns\u201d<\/i><\/strong>, asinado tam\u00e9n por membros da maior\u00eda dos pa\u00edses europeos, co obxectivo de adicionalo \u00e1s reivindicaci\u00f3ns da clase obreira neste <strong>1\u00ba de maio de 2025<\/strong>. No mesmo, que achegamos na s\u00faa traduci\u00f3n ao galego, constan as seguintes ideas b\u00e1sicas:<\/p>\n<p align=\"justify\">Constatar que o sistema p\u00fablico de seguridade social, pensi\u00f3ns, sanidade e asistencia m\u00e9dica en Europa, e tam\u00e9n en todo o mundo, \u00e9 un dos maiores logros do s\u00e9culo XX, supo\u00f1endo un importante baluarte de seguridade, cobertura, atenci\u00f3n e xubilaci\u00f3n para moitas xeraci\u00f3ns de traballadores e traballadoras.<\/p>\n<p align=\"justify\">Sen embargo observamos como, do Norte ao Sur e do Este ao Oeste de Europa, se est\u00e1 usando a profunda crise do sistema capitalista dos \u00faltimos anos para promover a s\u00faa privatizaci\u00f3n. Os gobernos xestores do Capitalismo pretenden as\u00ed incrementar as ganancias dos grandes grupos empresariais e dos bancos, utilizando feitos reais como a crise econ\u00f3mica, a baixa natalidade, o envellecemento da poboaci\u00f3n ou os d\u00e9ficits orzamentarios, pero ocultando as verdadeiras causas, que se atopan nas pol\u00edticas que serven a un sistema baseado na explotaci\u00f3n das masas en beneficio dunha minor\u00eda insaci\u00e1bel, sempre en busca de maiores ganancias.<\/p>\n<p align=\"justify\">As\u00ed vemos como o novo secretario xeral da OTAN, Rutte, e o banqueiro xefe, Draghi, chaman aos gobernos para que realicen cada vez m\u00e1is recortes na seguridade social, na sanidade e nas pensi\u00f3ns. E reclaman que os aforros vaian a engrosar o gasto militar. Ao tempo, pres\u00e9ntannos o Produto Europeo de Pensi\u00f3ns Particulares (PEPP) como unha opci\u00f3n para garantir unha xubilaci\u00f3n digna e segura cando, en realidade, \u00e9 un intento de &#8220;crear un mercado \u00fanico de capitais&#8221; que despoxe \u00e1 cidadan\u00eda dos seus dereitos sociais para alimentar os beneficios dos grandes fondos de investimento cos que financiar as guerras promovidas pola OTAN e a UE.<\/p>\n<p align=\"justify\">Deste xeito pretendese suprimir o car\u00e1cter social da Seguridade Social, o seu financiamento polos orzamentos p\u00fablicos, a exenci\u00f3n das cotizaci\u00f3ns aos empregadores, a privatizaci\u00f3n dos sistemas de pensi\u00f3ns, de sa\u00fade e de asistencia m\u00e9dica, o peche de hospitais e centros de sa\u00fade p\u00fablicos, o aumento da idade de xubilaci\u00f3n para homes e mulleres, a reduci\u00f3n das pensi\u00f3ns. En contraste necesitar\u00edase unha longa lista para enumerar todas as reduci\u00f3ns de impostos dos \u00faltimos anos.<\/p>\n<p align=\"justify\">Como persoas xubiladas a experiencia da nosa vida profesional am\u00f3sanos que nada est\u00e1 dado, que todo se conquista coa loita, unha loita que non \u00e9 s\u00f3 para n\u00f3s mesmos sen\u00f3n tam\u00e9n para os nosos descendentes. Por iso, esiximos:<\/p>\n<p align=\"justify\">\u2022 Un sistema p\u00fablico exclusivo de seguridade social, sa\u00fade, asistencia m\u00e9dica, con prestaci\u00f3ns gratu\u00edtas.<\/p>\n<p align=\"justify\">\u2022 O financiamento da Seguridade Social principalmente polos orzamentos dos Estados de todos os pa\u00edses, polos empresarios, con baixa participaci\u00f3n das persoas asalariadas.<\/p>\n<p align=\"justify\">\u2022 A abolici\u00f3n de todas as actividades burs\u00e1tiles coas reservas de Seguridade Social.<\/p>\n<p align=\"justify\">\u2022 A abolici\u00f3n de toda privatizaci\u00f3n de servizos p\u00fablicos.<\/p>\n<p align=\"justify\">\u2022 A reduci\u00f3n en cinco anos da idade de xubilaci\u00f3n para homes e mulleres.<\/p>\n<p align=\"justify\">\u2022 A creaci\u00f3n de residencias p\u00fablicas que satisfagan as necesidades das persoas xubiladas en cada pa\u00eds.<\/p>\n<p align=\"justify\">\u2022 O aumento das pensi\u00f3ns de xubilaci\u00f3n para satisfacer as necesidades b\u00e1sicas, igualando as pensi\u00f3ns m\u00ednimas ao salario m\u00ednimo de cada pa\u00eds.<\/p>\n<p align=\"justify\">\u2022 Programas p\u00fablicos, gratu\u00edtos e de calidade de asistencia social, recreativa e cultural.<\/p>\n<p style=\"text-align: center;\" align=\"justify\"><strong>GOBERNE QUEN GOBERNE, AS PENSI\u00d3NS DEF\u00c9NDENSE<\/strong><\/p>\n<p align=\"justify\"><a href=\"https:\/\/www.modepen.org\/wp-content\/uploads\/2025\/04\/2025-04-20-i-de-maio.pdf\" target=\"_blank\" rel=\"noopener\">TEXTO PARA ADICIONAR, O 1 DE MAIO DE 2.025, \u00c1S REIVINDICACI\u00d3NS DA CLASE OBREIRA EUROPEA:<\/a><\/p>\n","protected":false},"excerpt":{"rendered":"<p>Modepen acordou adherirse ao manifesto \u201cA UE quere roubarnos as pensi\u00f3ns\u201d, asinado tam\u00e9n por membros da maior\u00eda dos pa\u00edses europeos,[&#8230;]<\/p>\n","protected":false},"author":3,"featured_media":3413,"comment_status":"closed","ping_status":"open","sticky":false,"template":"","format":"standard","meta":{"footnotes":""},"categories":[28,33],"tags":[],"class_list":["post-3412","post","type-post","status-publish","format-standard","has-post-thumbnail","hentry","category-movilizacions","category-novas-destacadas"],"_links":{"self":[{"href":"https:\/\/www.modepen.org\/index.php\/wp-json\/wp\/v2\/posts\/3412","targetHints":{"allow":["GET"]}}],"collection":[{"href":"https:\/\/www.modepen.org\/index.php\/wp-json\/wp\/v2\/posts"}],"about":[{"href":"https:\/\/www.modepen.org\/index.php\/wp-json\/wp\/v2\/types\/post"}],"author":[{"embeddable":true,"href":"https:\/\/www.modepen.org\/index.php\/wp-json\/wp\/v2\/users\/3"}],"replies":[{"embeddable":true,"href":"https:\/\/www.modepen.org\/index.php\/wp-json\/wp\/v2\/comments?post=3412"}],"version-history":[{"count":2,"href":"https:\/\/www.modepen.org\/index.php\/wp-json\/wp\/v2\/posts\/3412\/revisions"}],"predecessor-version":[{"id":3416,"href":"https:\/\/www.modepen.org\/index.php\/wp-json\/wp\/v2\/posts\/3412\/revisions\/3416"}],"wp:featuredmedia":[{"embeddable":true,"href":"https:\/\/www.modepen.org\/index.php\/wp-json\/wp\/v2\/media\/3413"}],"wp:attachment":[{"href":"https:\/\/www.modepen.org\/index.php\/wp-json\/wp\/v2\/media?parent=3412"}],"wp:term":[{"taxonomy":"category","embeddable":true,"href":"https:\/\/www.modepen.org\/index.php\/wp-json\/wp\/v2\/categories?post=3412"},{"taxonomy":"post_tag","embeddable":true,"href":"https:\/\/www.modepen.org\/index.php\/wp-json\/wp\/v2\/tags?post=3412"}],"curies":[{"name":"wp","href":"https:\/\/api.w.org\/{rel}","templated":true}]}}