{"id":928,"date":"2020-11-27T06:19:00","date_gmt":"2020-11-27T05:19:00","guid":{"rendered":"http:\/\/www.modepen.org\/?p=928"},"modified":"2020-11-27T06:19:00","modified_gmt":"2020-11-27T05:19:00","slug":"01-06-2020-convocatoria-de-marchas-civicas-por-uns-servizos-sociais-100-publicos-contra-a-privatizacion-e-en-solidariedade-coas-vitimas-da-covid-19-nas-residencias-o-11-de-xuno","status":"publish","type":"post","link":"https:\/\/www.modepen.org\/index.php\/2020\/11\/27\/01-06-2020-convocatoria-de-marchas-civicas-por-uns-servizos-sociais-100-publicos-contra-a-privatizacion-e-en-solidariedade-coas-vitimas-da-covid-19-nas-residencias-o-11-de-xuno\/","title":{"rendered":"01-06-2020: CONVOCATORIA DE \u201cMARCHAS C\u00cdVICAS\u201d: por uns Servizos Sociais 100% P\u00fablicos, Contra a Privatizaci\u00f3n, e en Solidariedade coas V\u00edtimas da Covid-19 nas Residencias, o 11 de Xu\u00f1o, nas 7 grandes cidades de Galiza."},"content":{"rendered":"<p><a href=\"http:\/\/www.modepen.org\/wp-content\/uploads\/2020\/06\/CONVOCATORIA-MARCHAS-CIVICAS.pdf\" target=\"_blank\" rel=\"noopener noreferrer\">01-06-2020: CONVOCATORIA DE \u201cMARCHAS C\u00cdVICAS\u201d: por uns Servizos Sociais 100% P\u00fablicos, Contra a Privatizaci\u00f3n, e en Solidariedade coas V\u00edtimas da Covid-19 nas Residencias, o 11 de Xu\u00f1o, nas 7 grandes cidades de Galiza.<\/a><\/p>\n","protected":false},"excerpt":{"rendered":"<p>01-06-2020: CONVOCATORIA DE \u201cMARCHAS C\u00cdVICAS\u201d: por uns Servizos Sociais 100% P\u00fablicos, Contra a Privatizaci\u00f3n, e en Solidariedade coas V\u00edtimas da[&#8230;]<\/p>\n","protected":false},"author":3,"featured_media":0,"comment_status":"closed","ping_status":"open","sticky":false,"template":"","format":"standard","meta":{"footnotes":""},"categories":[31],"tags":[],"class_list":["post-928","post","type-post","status-publish","format-standard","hentry","category-servizos-sociais"],"_links":{"self":[{"href":"https:\/\/www.modepen.org\/index.php\/wp-json\/wp\/v2\/posts\/928","targetHints":{"allow":["GET"]}}],"collection":[{"href":"https:\/\/www.modepen.org\/index.php\/wp-json\/wp\/v2\/posts"}],"about":[{"href":"https:\/\/www.modepen.org\/index.php\/wp-json\/wp\/v2\/types\/post"}],"author":[{"embeddable":true,"href":"https:\/\/www.modepen.org\/index.php\/wp-json\/wp\/v2\/users\/3"}],"replies":[{"embeddable":true,"href":"https:\/\/www.modepen.org\/index.php\/wp-json\/wp\/v2\/comments?post=928"}],"version-history":[{"count":1,"href":"https:\/\/www.modepen.org\/index.php\/wp-json\/wp\/v2\/posts\/928\/revisions"}],"predecessor-version":[{"id":929,"href":"https:\/\/www.modepen.org\/index.php\/wp-json\/wp\/v2\/posts\/928\/revisions\/929"}],"wp:attachment":[{"href":"https:\/\/www.modepen.org\/index.php\/wp-json\/wp\/v2\/media?parent=928"}],"wp:term":[{"taxonomy":"category","embeddable":true,"href":"https:\/\/www.modepen.org\/index.php\/wp-json\/wp\/v2\/categories?post=928"},{"taxonomy":"post_tag","embeddable":true,"href":"https:\/\/www.modepen.org\/index.php\/wp-json\/wp\/v2\/tags?post=928"}],"curies":[{"name":"wp","href":"https:\/\/api.w.org\/{rel}","templated":true}]}}